{"id":155437,"date":"2010-11-12T21:23:30","date_gmt":"2010-11-12T21:23:30","guid":{"rendered":"http:\/\/diariodominicano.ddns.net\/?p=155437"},"modified":"2010-11-12T21:23:30","modified_gmt":"2010-11-12T21:23:30","slug":"concluye-cumbre-del-g-20-con-reiteradas-promesas","status":"publish","type":"post","link":"https:\/\/diariodominicano.com\/?p=155437","title":{"rendered":"Concluye cumbre del G-20 con reiteradas promesas\t \t \t &#13;  &#13;"},"content":{"rendered":"<p><body><\/p>\n<p><strong><span class=\"text1noticias\"> Se\u00fal, 12 nov (PL) <\/span><\/strong><span class=\"text1noticias\">Sin eliminar las preocupaciones sobre la urgencia de reforzar la fr\u00e1gil recuperaci\u00f3n de la econom\u00eda mundial, el Grupo de los 20 (G-20) concluy\u00f3 hoy aqu\u00ed una cumbre cuya declaraci\u00f3n anuncia medidas para el pr\u00f3ximo a\u00f1o.<\/span><\/p>\n<p><span class=\"text1noticias\"><em><strong>* Pide Lula eliminar medidas unilaterales que desequilibran econom\u00eda<\/strong><\/em><\/span><\/p>\n<p><span class=\"text1noticias\"><em><strong>* Presidencia G20 en manos de Francia con interrogantes<\/strong><\/em><\/span><\/p>\n<\/p>\n<p><span class=\"text1noticias\">La aprobaci\u00f3n del documento introdujo cierta calma luego de preparativos y una sesi\u00f3n inaugural donde se reafirmaron las diferencias entre varios integrantes del foro respecto a las v\u00edas para resolver problemas asociados a pol\u00edticas comerciales y monetarias, incluida la reforma del sistema financiero internacional.<\/span><\/p>\n<\/p>\n<p><span class=\"text1noticias\">El grupo se comprometi\u00f3 a fortalecer la cooperaci\u00f3n para lograr pol\u00edticas que reduzcan los desequilibrios comerciales y en otros casos mantenerlos en niveles sostenibles.<\/span><\/p>\n<\/p>\n<p><span class=\"text1noticias\">Tambi\u00e9n acord\u00f3 elaborar lineamientos con varios indicadores que servir\u00e1n como mecanismo para identificar los casos con desequilibrios en la cuenta corriente requeridos de acciones preventivas y correctivas.<\/span><\/p>\n<\/p>\n<p><span class=\"text1noticias\">Los pasos iniciales en ese sentido se analizar\u00e1n en una reuni\u00f3n de ministros de finanzas y gobernadores de bancos centrales en el primer semestre de 2011.<\/span><\/p>\n<\/p>\n<p><span class=\"text1noticias\">Las labores deben concluirse en la cumbre de noviembre de ese a\u00f1o en Francia, que asumi\u00f3 la presidencia del foro.<\/span><\/p>\n<\/p>\n<p><span class=\"text1noticias\">El G-20 se propone avanzar hacia sistemas de tasas cambiarias m\u00e1s regidas por el mercado y ampliar su flexibilidad, a lo que se a\u00f1ade el compromiso de abstenerse de aplicar devaluaciones competitivas.<\/span><\/p>\n<\/p>\n<p><span class=\"text1noticias\">De cumplirse lo acordado, ello contribuir\u00e1 a evitar una futura crisis econ\u00f3mica global, seg\u00fan el presidente anfitri\u00f3n, Lee Myung-bak, quien en conferencia de prensa pidi\u00f3 cooperaci\u00f3n en ese sentido.<\/span><\/p>\n<\/p>\n<p><span class=\"text1noticias\">En cuanto a las reformas del sistema financiero, el encuentro confirm\u00f3 el traspaso del seis por ciento de las acciones del Fondo Monetario Internacional a las econom\u00edas emergentes, considerado un paso importante hacia una instituci\u00f3n \u00ableg\u00edtima, cre\u00edble y efectiva\u00bb, de acuerdo con la declaraci\u00f3n.<\/span><\/p>\n<\/p>\n<p><span class=\"text1noticias\">Como parte de las proyecciones, anunci\u00f3 que se continuar\u00e1 el proceso con vistas a ampliar la representaci\u00f3n de los mercados emergentes y las econom\u00edas en desarrollo, incluidos las m\u00e1s pobres, con una revisi\u00f3n del sistema de cuotas para enero de 2013.<\/span><\/p>\n<\/p>\n<p><span class=\"text1noticias\">Muchos de los compromisos se reiteran, como fijar la creaci\u00f3n de empleo en el centro de la recuperaci\u00f3n y garantizar un crecimiento acelerado en las naciones de bajos ingresos.<\/span><\/p>\n<\/p>\n<p><span class=\"text1noticias\">Se coincide adem\u00e1s en la importancia de concluir lo antes posible la Ronda de Doha (negociaciones comerciales) y se rechaza el proteccionismo.<\/span><\/p>\n<\/p>\n<p><span class=\"text1noticias\">La cumbre respald\u00f3 adem\u00e1s un Plan de Acci\u00f3n para el Desarrollo hasta 2014, con el cual se reconoce la necesidad de ayudar a los estados pobres, los m\u00e1s golpeados por una crisis que afect\u00f3 negativamente sus Metas del Milenio.<\/span><\/p>\n<\/p>\n<p><span class=\"text1noticias\">Seg\u00fan ese texto, se prev\u00e9n acciones en sectores como infraestructura recursos humanos y creaci\u00f3n de empleo y seguridad alimentaria entre otras.<\/span><\/p>\n<\/p>\n<p><span class=\"text1noticias\">Atr\u00e1s queda la cumbre, mientras est\u00e1 por ver si las promesas se cumplen y si la guerra monetaria lleg\u00f3 a su fin, al menos temporalmente, como afirm\u00f3 el presidente anfitri\u00f3n al resaltar el acuerdo relacionado con la cuenta corriente.<\/span><\/p>\n<\/p>\n<p><span class=\"text1noticias\">En esta capital coincidieron estadistas de los siete pa\u00edses m\u00e1s industrializados, Rusia, la Uni\u00f3n Europea como bloque, de otras naciones con diferentes niveles de desarrollo -Brasil, M\u00e9xico, India, Sur\u00e1frica, entre otras- y autoridades de organismos como el Fondo Monetario Internacional, el Banco Mundial y la Organizaci\u00f3n Mundial de Comercio.<\/span><\/p>\n<h6> 2010-11-12 21:23:30 <\/h6>\n<p><!--\n<link rel=\"stylesheet\" href=\"css\/bootstrap.min.css\">\n\n\n<ul class=\"pagination\">\n\t    \n\t\n\n<li >\n\t<a href='?page_no=30604'>Previous<\/a>\n\t<\/li>\n\n\n       \n    \n\n<li><a href='?page_no=1'>1<\/a><\/li>\n\n\n\n<li><a href='?page_no=2'>2<\/a><\/li>\n\n\n\n<li><a>...<\/a><\/li>\n\n\n\n<li><a href='?page_no=30603'>30603<\/a><\/li>\n\n\n\n<li><a href='?page_no=30604'>30604<\/a><\/li>\n\n\n\n<li class='active'><a>30605<\/a><\/li>\n\n\n\n<li><a href='?page_no=30606'>30606<\/a><\/li>\n\n\n\n<li><a href='?page_no=30607'>30607<\/a><\/li>\n\n\n\n<li><a>...<\/a><\/li>\n\n\n\n<li><a href='?page_no=31963'>31963<\/a><\/li>\n\n\n\n<li><a href='?page_no=31964'>31964<\/a><\/li>\n\n    \n\t\n\n<li >\n\t<a href='?page_no=30606'>Next<\/a>\n\t<\/li>\n\n\n    \n\n<li><a href='?page_no=31964'>Last &rsaquo;&rsaquo;<\/a><\/li>\n\n<\/ul>\n\n\n--><br \/>\n<\/body><\/p>\n","protected":false},"excerpt":{"rendered":"<p>Se\u00fal, 12 nov (PL) Sin eliminar las preocupaciones sobre la urgencia de reforzar la fr\u00e1gil recuperaci\u00f3n de la econom\u00eda mundial, el Grupo de los 20 (G-20) concluy\u00f3 hoy aqu\u00ed una cumbre cuya declaraci\u00f3n anuncia medidas para el pr\u00f3ximo a\u00f1o. * Pide Lula eliminar medidas unilaterales que desequilibran econom\u00eda * Presidencia G20 en manos de Francia [&hellip;]<\/p>\n","protected":false},"author":3,"featured_media":0,"comment_status":"open","ping_status":"open","sticky":false,"template":"","format":"standard","meta":{"footnotes":""},"categories":[24],"tags":[],"class_list":["post-155437","post","type-post","status-publish","format-standard","hentry","category-justicia-y-derecho"],"_links":{"self":[{"href":"https:\/\/diariodominicano.com\/index.php?rest_route=\/wp\/v2\/posts\/155437","targetHints":{"allow":["GET"]}}],"collection":[{"href":"https:\/\/diariodominicano.com\/index.php?rest_route=\/wp\/v2\/posts"}],"about":[{"href":"https:\/\/diariodominicano.com\/index.php?rest_route=\/wp\/v2\/types\/post"}],"author":[{"embeddable":true,"href":"https:\/\/diariodominicano.com\/index.php?rest_route=\/wp\/v2\/users\/3"}],"replies":[{"embeddable":true,"href":"https:\/\/diariodominicano.com\/index.php?rest_route=%2Fwp%2Fv2%2Fcomments&post=155437"}],"version-history":[{"count":0,"href":"https:\/\/diariodominicano.com\/index.php?rest_route=\/wp\/v2\/posts\/155437\/revisions"}],"wp:attachment":[{"href":"https:\/\/diariodominicano.com\/index.php?rest_route=%2Fwp%2Fv2%2Fmedia&parent=155437"}],"wp:term":[{"taxonomy":"category","embeddable":true,"href":"https:\/\/diariodominicano.com\/index.php?rest_route=%2Fwp%2Fv2%2Fcategories&post=155437"},{"taxonomy":"post_tag","embeddable":true,"href":"https:\/\/diariodominicano.com\/index.php?rest_route=%2Fwp%2Fv2%2Ftags&post=155437"}],"curies":[{"name":"wp","href":"https:\/\/api.w.org\/{rel}","templated":true}]}}