{"id":155436,"date":"2010-11-12T21:51:27","date_gmt":"2010-11-12T21:51:27","guid":{"rendered":"http:\/\/diariodominicano.ddns.net\/?p=155436"},"modified":"2010-11-12T21:51:27","modified_gmt":"2010-11-12T21:51:27","slug":"gobierno-dominicano-apoya-protocolo-de-kioto","status":"publish","type":"post","link":"https:\/\/diariodominicano.com\/?p=155436","title":{"rendered":"Gobierno dominicano apoya Protocolo de Kioto"},"content":{"rendered":"<p><body><\/p>\n<p><img decoding=\"async\" src=\"http:\/\/localhost:8080\/justiciayderecho\/img3\/fernandez miral.jpg\" \/>  <\/p>\n<p><span class=\"text1noticias\"> <\/span><\/p>\n<p><span class=\"text1noticias\">Santo Domingo.-El Gobierno dominicano apoya el establecimiento de un segundo per\u00edodo del Protocolo de Kioto, que finaliza en 2012, y \u00abla integraci\u00f3n de otros pa\u00edses que a\u00fan no forman parte\u00bb del mismo, dijo el ministro de Medio Ambiente, Jaime David Fern\u00e1ndez Mirabal.<\/span><\/p>\n<p><span class=\"text1noticias\"> <\/span><\/p>\n<p><span class=\"text1noticias\"> El objetivo de esta extensi\u00f3n del protocolo es conseguir que \u00absea justo en cuanto a compromisos y responsabilidades\u00bb, agreg\u00f3 el ministro, quien se mostr\u00f3 poco optimista en cuanto a un acuerdo vinculante sobre la reducci\u00f3n de emisiones de di\u00f3xido de carbono (CO2) en la Cumbre Clim\u00e1tica de Canc\u00fan (COP16), que comenzar\u00e1 el 29 de noviembre en esa ciudad mexicana.<\/span><\/p>\n<p><span class=\"text1noticias\"> <\/span><\/p>\n<p><span class=\"text1noticias\">\u00abLa Rep\u00fablica Dominicana considera que se han reducido considerablemente las expectativas para un acuerdo legalmente vinculante\u00bb, se\u00f1al\u00f3 Fern\u00e1ndez Mirabal, aunque estim\u00f3 que \u00abes primordial dejar de lado los intereses particulares de algunos pa\u00edses\u00bb y hacer esfuerzos para alcanzar ese acuerdo.<\/span><\/p>\n<p><span class=\"text1noticias\">\u00abLo principal no es buscar culpables, sino encontrar soluciones\u00bb, apostill\u00f3.<\/span><\/p>\n<p><span class=\"text1noticias\"> <\/span><\/p>\n<p><span class=\"text1noticias\">En cuanto a los planes de financiaci\u00f3n que prev\u00e9n otorgar 30.000 millones de d\u00f3lares entre 2010 y 2012 a los pa\u00edses en desarrollo y 100.000 millones a partir de 2020, el titular de Medio Ambiente dominicano opin\u00f3 que los programados a corto plazo \u00abest\u00e1n fluyendo muy lentamente\u00bb.<\/span><\/p>\n<p><span class=\"text1noticias\"> <\/span><\/p>\n<p><span class=\"text1noticias\">A su modo de ver, estos fondos \u00abdeben financiar la implementaci\u00f3n de actividades de mitigaci\u00f3n y adaptaci\u00f3n actualmente en curso en los pa\u00edses m\u00e1s vulnerables, como los territorios insulares\u00bb.<\/span><\/p>\n<p><span class=\"text1noticias\"> <\/span><\/p>\n<p><span class=\"text1noticias\">\u00abNos preocupan demasiados gastos en seminarios y encuentros. Creemos que los gobiernos, junto a organizaciones, deben gestionar los fondos bajo la supervisi\u00f3n de las Naciones Unidas\u00bb, entidad que consider\u00f3 \u00abun poco menos burocr\u00e1tica\u00bb, explic\u00f3.<\/span><\/p>\n<p><span class=\"text1noticias\"> <\/span><\/p>\n<p><span class=\"text1noticias\">El ministro respald\u00f3 tambi\u00e9n el impulso a las transferencias de conocimiento y habilidades, as\u00ed como a las metodolog\u00edas y plataformas tecnol\u00f3gicas educativas \u00aba fin de impulsar el desarrollo, formaci\u00f3n y capacitaci\u00f3n de los entes ligados al cambio clim\u00e1tico en la Rep\u00fablica Dominicana\u00bb.<\/span><\/p>\n<p><span class=\"text1noticias\"> <\/span><\/p>\n<p><span class=\"text1noticias\">Con ello, dijo, se impulsar\u00eda la generaci\u00f3n de nuevos nichos de inversi\u00f3n privada en \u00e1reas relacionadas con el cambio clim\u00e1tico.<\/span><\/p>\n<p><span class=\"text1noticias\"> <\/span><\/p>\n<p><span class=\"text1noticias\">El Gobierno dominicano respalda tambi\u00e9n la inclusi\u00f3n en las negociaciones de cambio clim\u00e1tico de la conservaci\u00f3n de los bosques y selvas y de programas de reforestaci\u00f3n como mecanismo costo-efectivo para hacer frente al cambio clim\u00e1tico y ayudar a la conservaci\u00f3n de bosques, \u00e1reas protegidas y biodiversidad.<\/span><\/p>\n<p><span class=\"text1noticias\"> <\/span><\/p>\n<p><span class=\"text1noticias\">La delegaci\u00f3n que asistir\u00e1 a la reuni\u00f3n de Canc\u00fan estar\u00e1 integrada por el vicepresidente del pa\u00eds, Rafael Alburquerque; el ministro de Medio Ambiente, Jaime David Fern\u00e1ndez Mirabal; y por el vicepresidente del Consejo Cambio Clim\u00e1tico y Mecanismo de Desarrollo Limpio, Omar Ram\u00edrez.<\/span><\/p>\n<p><span class=\"text1noticias\"> <\/span><\/p>\n<p><span class=\"text1noticias\">Adem\u00e1s, la integran Ernesto Reyna, viceministro de Gesti\u00f3n Ambiental del Ministerio de Medio Ambiente y Recursos Naturales; Manuel Serrano, viceministro de Recursos Forestales; y Patricia Abreu, viceministra para la Cooperaci\u00f3n Internacional de dicho Ministerio.<\/span><\/p>\n<p><span class=\"text1noticias\"> <\/span><\/p>\n<\/p>\n<h6> 2010-11-12 21:51:27 <\/h6>\n<p><!--\n<link rel=\"stylesheet\" href=\"css\/bootstrap.min.css\">\n\n\n<ul class=\"pagination\">\n\t    \n\t\n\n<li >\n\t<a href='?page_no=30603'>Previous<\/a>\n\t<\/li>\n\n\n       \n    \n\n<li><a href='?page_no=1'>1<\/a><\/li>\n\n\n\n<li><a href='?page_no=2'>2<\/a><\/li>\n\n\n\n<li><a>...<\/a><\/li>\n\n\n\n<li><a href='?page_no=30602'>30602<\/a><\/li>\n\n\n\n<li><a href='?page_no=30603'>30603<\/a><\/li>\n\n\n\n<li class='active'><a>30604<\/a><\/li>\n\n\n\n<li><a href='?page_no=30605'>30605<\/a><\/li>\n\n\n\n<li><a href='?page_no=30606'>30606<\/a><\/li>\n\n\n\n<li><a>...<\/a><\/li>\n\n\n\n<li><a href='?page_no=31963'>31963<\/a><\/li>\n\n\n\n<li><a href='?page_no=31964'>31964<\/a><\/li>\n\n    \n\t\n\n<li >\n\t<a href='?page_no=30605'>Next<\/a>\n\t<\/li>\n\n\n    \n\n<li><a href='?page_no=31964'>Last &rsaquo;&rsaquo;<\/a><\/li>\n\n<\/ul>\n\n\n--><br \/>\n<\/body><\/p>\n","protected":false},"excerpt":{"rendered":"<p>Santo Domingo.-El Gobierno dominicano apoya el establecimiento de un segundo per\u00edodo del Protocolo de Kioto, que finaliza en 2012, y \u00abla integraci\u00f3n de otros pa\u00edses que a\u00fan no forman parte\u00bb del mismo, dijo el ministro de Medio Ambiente, Jaime David Fern\u00e1ndez Mirabal. El objetivo de esta extensi\u00f3n del protocolo es conseguir que \u00absea justo en [&hellip;]<\/p>\n","protected":false},"author":3,"featured_media":0,"comment_status":"open","ping_status":"open","sticky":false,"template":"","format":"standard","meta":{"footnotes":""},"categories":[24],"tags":[],"class_list":["post-155436","post","type-post","status-publish","format-standard","hentry","category-justicia-y-derecho"],"_links":{"self":[{"href":"https:\/\/diariodominicano.com\/index.php?rest_route=\/wp\/v2\/posts\/155436","targetHints":{"allow":["GET"]}}],"collection":[{"href":"https:\/\/diariodominicano.com\/index.php?rest_route=\/wp\/v2\/posts"}],"about":[{"href":"https:\/\/diariodominicano.com\/index.php?rest_route=\/wp\/v2\/types\/post"}],"author":[{"embeddable":true,"href":"https:\/\/diariodominicano.com\/index.php?rest_route=\/wp\/v2\/users\/3"}],"replies":[{"embeddable":true,"href":"https:\/\/diariodominicano.com\/index.php?rest_route=%2Fwp%2Fv2%2Fcomments&post=155436"}],"version-history":[{"count":0,"href":"https:\/\/diariodominicano.com\/index.php?rest_route=\/wp\/v2\/posts\/155436\/revisions"}],"wp:attachment":[{"href":"https:\/\/diariodominicano.com\/index.php?rest_route=%2Fwp%2Fv2%2Fmedia&parent=155436"}],"wp:term":[{"taxonomy":"category","embeddable":true,"href":"https:\/\/diariodominicano.com\/index.php?rest_route=%2Fwp%2Fv2%2Fcategories&post=155436"},{"taxonomy":"post_tag","embeddable":true,"href":"https:\/\/diariodominicano.com\/index.php?rest_route=%2Fwp%2Fv2%2Ftags&post=155436"}],"curies":[{"name":"wp","href":"https:\/\/api.w.org\/{rel}","templated":true}]}}