{"id":155435,"date":"2010-11-12T22:12:57","date_gmt":"2010-11-12T22:12:57","guid":{"rendered":"http:\/\/diariodominicano.ddns.net\/?p=155435"},"modified":"2010-11-12T22:12:57","modified_gmt":"2010-11-12T22:12:57","slug":"edenorte-informa-apagones-para-el-cibao","status":"publish","type":"post","link":"https:\/\/diariodominicano.com\/?p=155435","title":{"rendered":"&#13;EDENORTE informa apagones para el Cibao"},"content":{"rendered":"<p><body><\/p>\n<\/p>\n<p><span class=\"text1noticias\">Santo Domingo.-La Empresa Distribuidora de Electricidad del Norte (Edenorte) inform\u00f3 este viernes que en los pr\u00f3ximos d\u00edas se registraran interrupciones del servicio energ\u00e9tico en \u00e1reas que suple, debido a programas de mantenimiento.<\/span><\/p>\n<\/p>\n<p><span class=\"text1noticias\">Explic\u00f3 que este domingo por espacio de cinco horas estar\u00e1n fuera de funcionamiento los sistemas que sirven de energ\u00eda el\u00e9ctrica a la zona metropolitana de la ciudad de Puerto Plata.<\/span><\/p>\n<\/p>\n<p><span class=\"text1noticias\">La instituci\u00f3n inform\u00f3 el pr\u00f3ximo martes y jueves se registraron peque\u00f1os apagones en los lugares donde est\u00e1n ubicadas las empresas Pinco, Acero del Cibao, Ferreter\u00eda Ochoa, Hoyo de Lima Industrial, Grupo M, Envases Antillanos y Baldom de la ciudad de Santiago.<\/span><\/p>\n<\/p>\n<p><span class=\"text1noticias\">Indic\u00f3 que ese mismo d\u00eda habr\u00e1 interrupci\u00f3n del servicio en La Vega, especialmente en la zona donde opera la Cervecer\u00eda Vegana.<\/span><\/p>\n<\/p>\n<p><span class=\"text1noticias\">A trav\u00e9s de una nota de prensa, explic\u00f3 que el martes y el jueves de la pr\u00f3ximas semana se registraran interrupciones en varios sectores de la ciudad de Bonao, provincia Monse\u00f1or Nouel.<\/span><\/p>\n<\/p>\n<p><span class=\"text1noticias\">La instituci\u00f3n agreg\u00f3 que el jueves habr\u00e1 apagones volver\u00e1 a suspenderse en el municipio de Navarrete.<\/span><\/p>\n<\/p>\n<p><span class=\"text1noticias\">?El viernes 19 no habr\u00e1 servicio en algunos sectores de S\u00e1nchez y Saman\u00e1, de 9:00 de la ma\u00f1ana a 1:00 de la tarde, en vista de que se trabajar\u00e1 en la barra de 138KV?, indica Edenorte, a trav\u00e9s de la nota de prensa.<\/span><\/p>\n<\/p>\n<h6> 2010-11-12 22:12:57 <\/h6>\n<p><!--\n<link rel=\"stylesheet\" href=\"css\/bootstrap.min.css\">\n\n\n<ul class=\"pagination\">\n\t    \n\t\n\n<li >\n\t<a href='?page_no=30602'>Previous<\/a>\n\t<\/li>\n\n\n       \n    \n\n<li><a href='?page_no=1'>1<\/a><\/li>\n\n\n\n<li><a href='?page_no=2'>2<\/a><\/li>\n\n\n\n<li><a>...<\/a><\/li>\n\n\n\n<li><a href='?page_no=30601'>30601<\/a><\/li>\n\n\n\n<li><a href='?page_no=30602'>30602<\/a><\/li>\n\n\n\n<li class='active'><a>30603<\/a><\/li>\n\n\n\n<li><a href='?page_no=30604'>30604<\/a><\/li>\n\n\n\n<li><a href='?page_no=30605'>30605<\/a><\/li>\n\n\n\n<li><a>...<\/a><\/li>\n\n\n\n<li><a href='?page_no=31963'>31963<\/a><\/li>\n\n\n\n<li><a href='?page_no=31964'>31964<\/a><\/li>\n\n    \n\t\n\n<li >\n\t<a href='?page_no=30604'>Next<\/a>\n\t<\/li>\n\n\n    \n\n<li><a href='?page_no=31964'>Last &rsaquo;&rsaquo;<\/a><\/li>\n\n<\/ul>\n\n\n--><br \/>\n<\/body><\/p>\n","protected":false},"excerpt":{"rendered":"<p>Santo Domingo.-La Empresa Distribuidora de Electricidad del Norte (Edenorte) inform\u00f3 este viernes que en los pr\u00f3ximos d\u00edas se registraran interrupciones del servicio energ\u00e9tico en \u00e1reas que suple, debido a programas de mantenimiento. Explic\u00f3 que este domingo por espacio de cinco horas estar\u00e1n fuera de funcionamiento los sistemas que sirven de energ\u00eda el\u00e9ctrica a la zona [&hellip;]<\/p>\n","protected":false},"author":3,"featured_media":0,"comment_status":"open","ping_status":"open","sticky":false,"template":"","format":"standard","meta":{"footnotes":""},"categories":[24],"tags":[],"class_list":["post-155435","post","type-post","status-publish","format-standard","hentry","category-justicia-y-derecho"],"_links":{"self":[{"href":"https:\/\/diariodominicano.com\/index.php?rest_route=\/wp\/v2\/posts\/155435","targetHints":{"allow":["GET"]}}],"collection":[{"href":"https:\/\/diariodominicano.com\/index.php?rest_route=\/wp\/v2\/posts"}],"about":[{"href":"https:\/\/diariodominicano.com\/index.php?rest_route=\/wp\/v2\/types\/post"}],"author":[{"embeddable":true,"href":"https:\/\/diariodominicano.com\/index.php?rest_route=\/wp\/v2\/users\/3"}],"replies":[{"embeddable":true,"href":"https:\/\/diariodominicano.com\/index.php?rest_route=%2Fwp%2Fv2%2Fcomments&post=155435"}],"version-history":[{"count":0,"href":"https:\/\/diariodominicano.com\/index.php?rest_route=\/wp\/v2\/posts\/155435\/revisions"}],"wp:attachment":[{"href":"https:\/\/diariodominicano.com\/index.php?rest_route=%2Fwp%2Fv2%2Fmedia&parent=155435"}],"wp:term":[{"taxonomy":"category","embeddable":true,"href":"https:\/\/diariodominicano.com\/index.php?rest_route=%2Fwp%2Fv2%2Fcategories&post=155435"},{"taxonomy":"post_tag","embeddable":true,"href":"https:\/\/diariodominicano.com\/index.php?rest_route=%2Fwp%2Fv2%2Ftags&post=155435"}],"curies":[{"name":"wp","href":"https:\/\/api.w.org\/{rel}","templated":true}]}}