{"id":155434,"date":"2010-11-12T22:52:16","date_gmt":"2010-11-12T22:52:16","guid":{"rendered":"http:\/\/diariodominicano.ddns.net\/?p=155434"},"modified":"2010-11-12T22:52:16","modified_gmt":"2010-11-12T22:52:16","slug":"director-de-bienes-nacionales-denuncia-que-existe-una-campana-en-su-contra-con-el-fin-de-desmoralizarlo","status":"publish","type":"post","link":"https:\/\/diariodominicano.com\/?p=155434","title":{"rendered":"Director de Bienes Nacionales denuncia que existe una campa\u00f1a en su contra con el fin de desmoralizarlo"},"content":{"rendered":"<p><body><\/p>\n<p><span class=\"text1noticias\"> <\/span><\/p>\n<p><span class=\"text1noticias\"> <\/span><\/p>\n<p><span class=\"text1noticias\">Por  Roberto Rodr\u00edguez <\/span><\/p>\n<p><span class=\"text1noticias\"> <\/span><\/p>\n<p><span class=\"text1noticias\"> <\/span><\/p>\n<p><span class=\"text1noticias\">El director general de Bienes Nacionales, El\u00edas Wessin Ch\u00e1vez, denunci\u00f3 que existe una campa\u00f1a en contra de esa instituci\u00f3n con el fin de desmoralizarlo ante la sociedad dominicana.<\/span><\/p>\n<\/p>\n<p><span class=\"text1noticias\">Al propio tiempo, el funcionario rechazo que en esa dependencia del gobierno   se haya realizado una auditoria, sino que  se utilizaron unos datos del a\u00f1o 2008 de un borrador de manera mal intencionada para difamar ante los medios de comunicaci\u00f3n. <\/span><\/p>\n<\/p>\n<p><span class=\"text1noticias\">El funcionario  explic\u00f3  que  cuando termina el a\u00f1o y se inicia uno nuevo, la C\u00e1mara de Cuentas se dirige con  un equipo para auditar el periodo que paso, pero eso que sucedi\u00f3 y se trata de confundir fue en el 2007.<\/span><\/p>\n<\/p>\n<p><span class=\"text1noticias\"> Record\u00f3 que  ?Cuando fue  nombrado y tomo posesi\u00f3n de Bienes Nacionales en agosto del 2007  a  el mes de enero del 2009 la C\u00e1mara de Cuentas  va a la entidad a realizar una auditoria del  a\u00f1o 2008, donde se realizaron todas las investigaci\u00f3n de lugar, pero la C\u00e1mara de Cuentas a\u00fan no ha rendido un informe oficial de esa auditoria? que realiz\u00f3.   <\/span><\/p>\n<\/p>\n<p><span class=\"text1noticias\">El\u00edas Wessin Ch\u00e1vez  dijo  que lo que se manejo fue algo que se sustrajo y fue una informaci\u00f3n ?sucia? como la denominan los contables,  cuando no se ha terminado de realizar  el proceso de verificaci\u00f3n de los datos que ni siquiera estaban ocurriendo en Bienes Nacionales.<\/span><\/p>\n<\/p>\n<p><span class=\"text1noticias\">Aleg\u00f3 el funcionario  que los nombramientos de los que se mencionan en Bienes Nacionales  que supuestamente estaban ocurriendo de persona de lazo de consanguinidad, esa situaci\u00f3n ya se  hab\u00edan corregido.<\/span><\/p>\n<\/p>\n<p><span class=\"text1noticias\">No obstante, precis\u00f3 que cuando se estaba desarrollando la auditoria en Bienes Nacionales, el equipo de auditores se reuni\u00f3 previamente para realizar las observaciones a las autoridades de la entidad estatal, para corregir lo que estaba realizando de mal antes de entregar el informe del levantamiento de los datos.<\/span><\/p>\n<\/p>\n<p><span class=\"text1noticias\">indic\u00f3 que el equipo de auditores dio unas series de recomendaciones administrativas para ir corrigiendo y tener mayor transparencia.<\/span><\/p>\n<\/p>\n<h6> 2010-11-12 22:52:16 <\/h6>\n<p><!--\n<link rel=\"stylesheet\" href=\"css\/bootstrap.min.css\">\n\n\n<ul class=\"pagination\">\n\t    \n\t\n\n<li >\n\t<a href='?page_no=30601'>Previous<\/a>\n\t<\/li>\n\n\n       \n    \n\n<li><a href='?page_no=1'>1<\/a><\/li>\n\n\n\n<li><a href='?page_no=2'>2<\/a><\/li>\n\n\n\n<li><a>...<\/a><\/li>\n\n\n\n<li><a href='?page_no=30600'>30600<\/a><\/li>\n\n\n\n<li><a href='?page_no=30601'>30601<\/a><\/li>\n\n\n\n<li class='active'><a>30602<\/a><\/li>\n\n\n\n<li><a href='?page_no=30603'>30603<\/a><\/li>\n\n\n\n<li><a href='?page_no=30604'>30604<\/a><\/li>\n\n\n\n<li><a>...<\/a><\/li>\n\n\n\n<li><a href='?page_no=31963'>31963<\/a><\/li>\n\n\n\n<li><a href='?page_no=31964'>31964<\/a><\/li>\n\n    \n\t\n\n<li >\n\t<a href='?page_no=30603'>Next<\/a>\n\t<\/li>\n\n\n    \n\n<li><a href='?page_no=31964'>Last &rsaquo;&rsaquo;<\/a><\/li>\n\n<\/ul>\n\n\n--><br \/>\n<\/body><\/p>\n","protected":false},"excerpt":{"rendered":"<p>Por Roberto Rodr\u00edguez El director general de Bienes Nacionales, El\u00edas Wessin Ch\u00e1vez, denunci\u00f3 que existe una campa\u00f1a en contra de esa instituci\u00f3n con el fin de desmoralizarlo ante la sociedad dominicana. Al propio tiempo, el funcionario rechazo que en esa dependencia del gobierno se haya realizado una auditoria, sino que se utilizaron unos datos del [&hellip;]<\/p>\n","protected":false},"author":3,"featured_media":0,"comment_status":"open","ping_status":"open","sticky":false,"template":"","format":"standard","meta":{"footnotes":""},"categories":[24],"tags":[],"class_list":["post-155434","post","type-post","status-publish","format-standard","hentry","category-justicia-y-derecho"],"_links":{"self":[{"href":"https:\/\/diariodominicano.com\/index.php?rest_route=\/wp\/v2\/posts\/155434","targetHints":{"allow":["GET"]}}],"collection":[{"href":"https:\/\/diariodominicano.com\/index.php?rest_route=\/wp\/v2\/posts"}],"about":[{"href":"https:\/\/diariodominicano.com\/index.php?rest_route=\/wp\/v2\/types\/post"}],"author":[{"embeddable":true,"href":"https:\/\/diariodominicano.com\/index.php?rest_route=\/wp\/v2\/users\/3"}],"replies":[{"embeddable":true,"href":"https:\/\/diariodominicano.com\/index.php?rest_route=%2Fwp%2Fv2%2Fcomments&post=155434"}],"version-history":[{"count":0,"href":"https:\/\/diariodominicano.com\/index.php?rest_route=\/wp\/v2\/posts\/155434\/revisions"}],"wp:attachment":[{"href":"https:\/\/diariodominicano.com\/index.php?rest_route=%2Fwp%2Fv2%2Fmedia&parent=155434"}],"wp:term":[{"taxonomy":"category","embeddable":true,"href":"https:\/\/diariodominicano.com\/index.php?rest_route=%2Fwp%2Fv2%2Fcategories&post=155434"},{"taxonomy":"post_tag","embeddable":true,"href":"https:\/\/diariodominicano.com\/index.php?rest_route=%2Fwp%2Fv2%2Ftags&post=155434"}],"curies":[{"name":"wp","href":"https:\/\/api.w.org\/{rel}","templated":true}]}}