{"id":155433,"date":"2010-11-14T15:26:35","date_gmt":"2010-11-14T15:26:35","guid":{"rendered":"http:\/\/diariodominicano.ddns.net\/?p=155433"},"modified":"2010-11-14T15:26:35","modified_gmt":"2010-11-14T15:26:35","slug":"presidente-destaca-celebracion-en-el-pais-de-foro-iberoameria","status":"publish","type":"post","link":"https:\/\/diariodominicano.com\/?p=155433","title":{"rendered":"Presidente destaca celebraci\u00f3n en el pa\u00eds de Foro Iberoam\u00e9ria"},"content":{"rendered":"<p><body><\/p>\n<\/p>\n<p><span class=\"text1noticias\">CAP CANA, La Altagracia.- El presidente  Leonel Fern\u00e1ndez destac\u00f3 la trascendencia de la celebraci\u00f3n en Rep\u00fablica Dominicana del D\u00e9cimo primer foro Iberoam\u00e9rica, que se desarrolla en esta zona del pa\u00eds.<\/span><\/p>\n<p><span class=\"text1noticias\">Fern\u00e1ndez precis\u00f3 que el evento es un reflejo de la importancia que tiene el pa\u00eds en cuanto a su fortalecimiento institucional y de la estabilidad de sus instituciones.<\/span><\/p>\n<\/p>\n<p><span class=\"text1noticias\">Dijo que es un privilegio acoger en el suelo patrio a figuras importantes del \u00e1mbito Iberoamericano, entre las que cit\u00f3 al ex presidente de Espa\u00f1a Felipe Gonz\u00e1lez, Ricardo Lagos de Chile, y de Uruguay a Julio Mar\u00eda Sanguinetti.<\/span><\/p>\n<\/p>\n<p><span class=\"text1noticias\">El presidente se\u00f1al\u00f3 que Rep\u00fablica Dominicana cada d\u00eda se inserta en los debates de temas de pol\u00edtica, econ\u00f3micos y sociales que tienen que ver con Iberoam\u00e9rica en raz\u00f3n de que estamos viviendo un mundo de \u00ednter-relaci\u00f3n y de globalizaci\u00f3n.<\/span><\/p>\n<\/p>\n<p><span class=\"text1noticias\">Fern\u00e1ndez hablo en una entrevista que concediera a la Cadena de Televisi\u00f3n Venevisi\u00f3n de Venezuela, y respondiendo a una pregunta de Venevisi\u00f3n dijo que el complejo de Capcana, se ha convertido en uno de los principales atractivos tur\u00edsticos del mundo.<\/span><\/p>\n<\/p>\n<p><span class=\"text1noticias\">El mandatario dijo que los atractivos naturales de esa zona han permitido un progresivo crecimiento y expansi\u00f3n tanto en facilidades de infraestructuras como tambi\u00e9n de opciones de nuevas habitaciones y atractivos para los visitantes extranjeros y nacionales.<\/span><\/p>\n<\/p>\n<p><span class=\"text1noticias\">Indic\u00f3 que el crecimiento tur\u00edstico del pa\u00eds en especifico en la zona del Este se debe a iniciativas de soporte del sector p\u00fablico y tambi\u00e9n desde luego de las grandes inversiones del sector privado internacional en alianza con inversionistas locales.<\/span><\/p>\n<\/p>\n<p><span class=\"text1noticias\">El presidente de la Rep\u00fablica, doctor Leonel Fern\u00e1ndez ofreci\u00f3 sus declaraciones a Venevisi\u00f3n tras una pausa dentro del desarrollo del Foro Iberoam\u00e9rica que se realiza en Capcana, auspiciado por la Fundaci\u00f3n Global Democracia y Desarrollo, Universidad Iberoamericana UNIBE y el Grupo Cap Cana.  <\/span><\/p>\n<h6> 2010-11-14 15:26:35 <\/h6>\n<p><!--\n<link rel=\"stylesheet\" href=\"css\/bootstrap.min.css\">\n\n\n<ul class=\"pagination\">\n\t    \n\t\n\n<li >\n\t<a href='?page_no=30600'>Previous<\/a>\n\t<\/li>\n\n\n       \n    \n\n<li><a href='?page_no=1'>1<\/a><\/li>\n\n\n\n<li><a href='?page_no=2'>2<\/a><\/li>\n\n\n\n<li><a>...<\/a><\/li>\n\n\n\n<li><a href='?page_no=30599'>30599<\/a><\/li>\n\n\n\n<li><a href='?page_no=30600'>30600<\/a><\/li>\n\n\n\n<li class='active'><a>30601<\/a><\/li>\n\n\n\n<li><a href='?page_no=30602'>30602<\/a><\/li>\n\n\n\n<li><a href='?page_no=30603'>30603<\/a><\/li>\n\n\n\n<li><a>...<\/a><\/li>\n\n\n\n<li><a href='?page_no=31963'>31963<\/a><\/li>\n\n\n\n<li><a href='?page_no=31964'>31964<\/a><\/li>\n\n    \n\t\n\n<li >\n\t<a href='?page_no=30602'>Next<\/a>\n\t<\/li>\n\n\n    \n\n<li><a href='?page_no=31964'>Last &rsaquo;&rsaquo;<\/a><\/li>\n\n<\/ul>\n\n\n--><br \/>\n<\/body><\/p>\n","protected":false},"excerpt":{"rendered":"<p>CAP CANA, La Altagracia.- El presidente Leonel Fern\u00e1ndez destac\u00f3 la trascendencia de la celebraci\u00f3n en Rep\u00fablica Dominicana del D\u00e9cimo primer foro Iberoam\u00e9rica, que se desarrolla en esta zona del pa\u00eds. Fern\u00e1ndez precis\u00f3 que el evento es un reflejo de la importancia que tiene el pa\u00eds en cuanto a su fortalecimiento institucional y de la estabilidad [&hellip;]<\/p>\n","protected":false},"author":3,"featured_media":0,"comment_status":"open","ping_status":"open","sticky":false,"template":"","format":"standard","meta":{"footnotes":""},"categories":[24],"tags":[],"class_list":["post-155433","post","type-post","status-publish","format-standard","hentry","category-justicia-y-derecho"],"_links":{"self":[{"href":"https:\/\/diariodominicano.com\/index.php?rest_route=\/wp\/v2\/posts\/155433","targetHints":{"allow":["GET"]}}],"collection":[{"href":"https:\/\/diariodominicano.com\/index.php?rest_route=\/wp\/v2\/posts"}],"about":[{"href":"https:\/\/diariodominicano.com\/index.php?rest_route=\/wp\/v2\/types\/post"}],"author":[{"embeddable":true,"href":"https:\/\/diariodominicano.com\/index.php?rest_route=\/wp\/v2\/users\/3"}],"replies":[{"embeddable":true,"href":"https:\/\/diariodominicano.com\/index.php?rest_route=%2Fwp%2Fv2%2Fcomments&post=155433"}],"version-history":[{"count":0,"href":"https:\/\/diariodominicano.com\/index.php?rest_route=\/wp\/v2\/posts\/155433\/revisions"}],"wp:attachment":[{"href":"https:\/\/diariodominicano.com\/index.php?rest_route=%2Fwp%2Fv2%2Fmedia&parent=155433"}],"wp:term":[{"taxonomy":"category","embeddable":true,"href":"https:\/\/diariodominicano.com\/index.php?rest_route=%2Fwp%2Fv2%2Fcategories&post=155433"},{"taxonomy":"post_tag","embeddable":true,"href":"https:\/\/diariodominicano.com\/index.php?rest_route=%2Fwp%2Fv2%2Ftags&post=155433"}],"curies":[{"name":"wp","href":"https:\/\/api.w.org\/{rel}","templated":true}]}}