{"id":155432,"date":"2010-11-14T15:45:00","date_gmt":"2010-11-14T15:45:00","guid":{"rendered":"http:\/\/diariodominicano.ddns.net\/?p=155432"},"modified":"2010-11-14T15:45:00","modified_gmt":"2010-11-14T15:45:00","slug":"autoridades-extraditan-a-eeuu-dominicano-acusado-de-narcotrafico","status":"publish","type":"post","link":"https:\/\/diariodominicano.com\/?p=155432","title":{"rendered":"Autoridades extraditan a EEUU dominicano acusado de narcotr\u00e1fico"},"content":{"rendered":"<p><body><\/p>\n<p><img decoding=\"async\" src=\"http:\/\/localhost:8080\/justiciayderecho\/img3\/Julio Cesar Valerio Batista.JPG\" \/><br \/><img decoding=\"async\" src=\"http:\/\/localhost:8080\/justiciayderecho\/img3\/Pedro Ramon Sanchez Almonte.JPG\" \/>  <\/p>\n<\/p>\n<p><span class=\"text1noticias\">La DNCD tambi\u00e9n apres\u00f3 en La Vega a un supuesto teniente de la Polic\u00eda Municipal que ser\u00e1 extraditado a ese pa\u00eds por los mismos cargos de tr\u00e1fico de drogas.<\/span><\/p>\n<\/p>\n<p><span class=\"text1noticias\">SANTO DOMINGO. Las autoridades dominicanas entregaron en extradici\u00f3n a la justicia de los Estados Unidos a un dominicano para que responda ante un Tribunal de Distrito Sur de La Florida, por estar acusado de conspiraci\u00f3n para distribuir coca\u00edna en territorio norteamericano.<\/span><\/p>\n<\/p>\n<p><span class=\"text1noticias\">Mientras que la Direcci\u00f3n Nacional de Control de Drogas (DNCD), apres\u00f3 en La Vega a un supuesto teniente de la Polic\u00eda Municipal de esa provincia, que est\u00e1 siendo requerido tambi\u00e9n por esa misma jurisdicci\u00f3n judicial de Miami, bajo los mismos cargos de narcotr\u00e1fico.<\/span><\/p>\n<\/p>\n<p><span class=\"text1noticias\">El vocero de la DNCD, coronel Ram\u00f3n Alcides Rodr\u00edguez Veras, inform\u00f3 que se trata del nombrado Julio Cesar Valerio Batista, quien fue entregado en extradici\u00f3n a la justicia de los Estados Unidos para que responda ante un Tribunal de Distrito Sur de La Florida, Miami, EE.UU., por dos cargos de narcotr\u00e1fico que pesan en su contra, y por otro lado, dijo que el arrestado en La Vega es Pedro Ram\u00f3n S\u00e1nchez Almonte, nativo de la comunidad Carrera de las Palmas, quien es un supuesto 1er. Teniente de la Polic\u00eda Municipal de La Vega, apresado mientras transitaba por la calle Balilo G\u00f3mez, en esa ciudad.<\/span><\/p>\n<\/p>\n<p><span class=\"text1noticias\">Seg\u00fan la DNCD, los cargos que pesan sobre el extraditado Valerio Batista son por conspiraci\u00f3n para poseer con la intenci\u00f3n de distribuir una sustancia que conten\u00eda una cantidad detectable de coca\u00edna y por posesi\u00f3n con la intenci\u00f3n de distribuir una cantidad detectable de la misma sustancia, en contravenci\u00f3n de las secciones 2, 841 y 846 de los t\u00edtulos 18 y 21 del C\u00f3digo de los Estados Unidos.<\/span><\/p>\n<\/p>\n<p><span class=\"text1noticias\">El imputado fue trasladado bajo custodia de agentes de la DNCD y oficiales de Migraci\u00f3n hasta el Aeropuerto Internacional de las Am\u00e9ricas y all\u00ed fue entregado a varios agentes de la US Marchall, quienes abordaron el vuelo n\u00famero 680 de la aerol\u00ednea American Airlines, con destino a la ciudad de Miami, Florida, EEUU.<\/span><\/p>\n<\/p>\n<p><span class=\"text1noticias\">Se inform\u00f3 que Valerio Batista guardaba prisi\u00f3n en una celda de la sede central de la DNCD luego que este fuera apresado el 21 de octubre pasado por oficiales del Departamento de Investigaciones de la instituci\u00f3n antidrogas.   <\/span><\/p>\n<\/p>\n<p><span class=\"text1noticias\">Asimismo, el vocero de la DNCD se\u00f1al\u00f3 que contra el nombrado Pedro Ram\u00f3n S\u00e1nchez Almonte, apresado en La Vega, pesaba una orden de arresto emitida por la C\u00e1mara Penal de la Suprema Corte de Justicia de la Rep\u00fablica Dominicana, por estar solicitado en extradici\u00f3n ante un Tribunal de Distrito Sur de la misma ciudad de La Florida, EE.UU.<\/span><\/p>\n<\/p>\n<p><span class=\"text1noticias\">\u00abContra el extraditable S\u00e1nchez Almonte pesan los mismos dos cargos de narcotr\u00e1fico por los que ser\u00e1 juzgado su compatriota Valerio Batista\u00bb, expres\u00f3 el vocero.<\/span><\/p>\n<\/p>\n<p><span class=\"text1noticias\">El vocero del organismo antidrogas agreg\u00f3 que el imputado permanecer\u00e1 preso en una celda preventiva de la DNCD hasta el momento de su extradici\u00f3n a los Estados Unidos.<\/span><\/p>\n<\/p>\n<p><span class=\"text1noticias\">Al momento de su arresto, a S\u00e1nchez Almonte se le ocuparon dos cedulas de identidad y Electoral, dos celulares, y dos carnets, uno de abogado y otro que lo acredita como 1er. Teniente de la Polic\u00eda Municipal de La Vega, entre otros documentos, dice el informe de la agencia antinarc\u00f3ticos.<\/span><\/p>\n<h6> 2010-11-14 15:45:00 <\/h6>\n<p><!--\n<link rel=\"stylesheet\" href=\"css\/bootstrap.min.css\">\n\n\n<ul class=\"pagination\">\n\t    \n\t\n\n<li >\n\t<a href='?page_no=30599'>Previous<\/a>\n\t<\/li>\n\n\n       \n    \n\n<li><a href='?page_no=1'>1<\/a><\/li>\n\n\n\n<li><a href='?page_no=2'>2<\/a><\/li>\n\n\n\n<li><a>...<\/a><\/li>\n\n\n\n<li><a href='?page_no=30598'>30598<\/a><\/li>\n\n\n\n<li><a href='?page_no=30599'>30599<\/a><\/li>\n\n\n\n<li class='active'><a>30600<\/a><\/li>\n\n\n\n<li><a href='?page_no=30601'>30601<\/a><\/li>\n\n\n\n<li><a href='?page_no=30602'>30602<\/a><\/li>\n\n\n\n<li><a>...<\/a><\/li>\n\n\n\n<li><a href='?page_no=31963'>31963<\/a><\/li>\n\n\n\n<li><a href='?page_no=31964'>31964<\/a><\/li>\n\n    \n\t\n\n<li >\n\t<a href='?page_no=30601'>Next<\/a>\n\t<\/li>\n\n\n    \n\n<li><a href='?page_no=31964'>Last &rsaquo;&rsaquo;<\/a><\/li>\n\n<\/ul>\n\n\n--><br \/>\n<\/body><\/p>\n","protected":false},"excerpt":{"rendered":"<p>La DNCD tambi\u00e9n apres\u00f3 en La Vega a un supuesto teniente de la Polic\u00eda Municipal que ser\u00e1 extraditado a ese pa\u00eds por los mismos cargos de tr\u00e1fico de drogas. SANTO DOMINGO. Las autoridades dominicanas entregaron en extradici\u00f3n a la justicia de los Estados Unidos a un dominicano para que responda ante un Tribunal de Distrito [&hellip;]<\/p>\n","protected":false},"author":3,"featured_media":0,"comment_status":"open","ping_status":"open","sticky":false,"template":"","format":"standard","meta":{"footnotes":""},"categories":[24],"tags":[],"class_list":["post-155432","post","type-post","status-publish","format-standard","hentry","category-justicia-y-derecho"],"_links":{"self":[{"href":"https:\/\/diariodominicano.com\/index.php?rest_route=\/wp\/v2\/posts\/155432","targetHints":{"allow":["GET"]}}],"collection":[{"href":"https:\/\/diariodominicano.com\/index.php?rest_route=\/wp\/v2\/posts"}],"about":[{"href":"https:\/\/diariodominicano.com\/index.php?rest_route=\/wp\/v2\/types\/post"}],"author":[{"embeddable":true,"href":"https:\/\/diariodominicano.com\/index.php?rest_route=\/wp\/v2\/users\/3"}],"replies":[{"embeddable":true,"href":"https:\/\/diariodominicano.com\/index.php?rest_route=%2Fwp%2Fv2%2Fcomments&post=155432"}],"version-history":[{"count":0,"href":"https:\/\/diariodominicano.com\/index.php?rest_route=\/wp\/v2\/posts\/155432\/revisions"}],"wp:attachment":[{"href":"https:\/\/diariodominicano.com\/index.php?rest_route=%2Fwp%2Fv2%2Fmedia&parent=155432"}],"wp:term":[{"taxonomy":"category","embeddable":true,"href":"https:\/\/diariodominicano.com\/index.php?rest_route=%2Fwp%2Fv2%2Fcategories&post=155432"},{"taxonomy":"post_tag","embeddable":true,"href":"https:\/\/diariodominicano.com\/index.php?rest_route=%2Fwp%2Fv2%2Ftags&post=155432"}],"curies":[{"name":"wp","href":"https:\/\/api.w.org\/{rel}","templated":true}]}}