{"id":155431,"date":"2010-11-14T18:26:29","date_gmt":"2010-11-14T18:26:29","guid":{"rendered":"http:\/\/diariodominicano.ddns.net\/?p=155431"},"modified":"2010-11-14T18:26:29","modified_gmt":"2010-11-14T18:26:29","slug":"policia-apresa-cabo-de-esa-institucion-mato-hombre-de-58-anos-en-supuesta-rina","status":"publish","type":"post","link":"https:\/\/diariodominicano.com\/?p=155431","title":{"rendered":"Polic\u00eda apresa cabo de esa instituci\u00f3n mat\u00f3 hombre de 58 a\u00f1os en supuesta ri\u00f1a"},"content":{"rendered":"<p><body><\/p>\n<p><span class=\"text1noticias\">Un cabo de la Polic\u00eda Nacional fue apresado ayer tras ultimar por heridas de bala en distintas partes del cuerpo un hombre de 58 a\u00f1os que laboraba como seguridad en la residencia del presidente del Partido Dem\u00f3crata Institucional (PDI), ubicada en la Juan Thom\u00e1s Mej\u00eda y Coste, n\u00famero 85, del sector Arroyo Hondo, en esta capital.<\/span><\/p>\n<\/p>\n<p><span class=\"text1noticias\">La Polic\u00eda dijo que el detenido es el cabo Miguel Severino de la Cruz, de 30 a\u00f1os, quien ocasion\u00f3 la muerte del se\u00f1or Ram\u00f3n Liberto Canario Guzm\u00e1n, a consecuencia de heridas de bala, en medio de una supuesta ri\u00f1a por diferencias personales. El detenido presenta trauma en hemit\u00f3rax lateral y un golpe en la boca.<\/span><\/p>\n<\/p>\n<p><span class=\"text1noticias\">La instituci\u00f3n del orden explic\u00f3 que el hecho ocurri\u00f3 en horas  de la ma\u00f1ana en la parte trasera del patio de la residencia del se\u00f1or Ismael Reyes Cruz, presidente del (PDI), cuando ambos hombres se desayunaban y alegadamente se enfrascaron en una acalorada discusi\u00f3n.<\/span><\/p>\n<\/p>\n<p><span class=\"text1noticias\">El alistado, quien se encuentra detenido, alega que se vio en la necesidad de utilizar su arma de reglamento debido a que fue agredido por el hoy occiso.<\/span><\/p>\n<\/p>\n<p><span class=\"text1noticias\">En poder de las autoridades se encuentra pistola marca Taurus calibre 9mm, utilizada por el agresor para dispararle a la v\u00edctima.<\/span><\/p>\n<\/p>\n<p><span class=\"text1noticias\">La Polic\u00eda inform\u00f3 que en las pr\u00f3ximas horas someter\u00e1 al detenido para que le sea conocida una medida de coerci\u00f3n.<\/span><\/p>\n<\/p>\n<h6> 2010-11-14 18:26:29 <\/h6>\n<p><!--\n<link rel=\"stylesheet\" href=\"css\/bootstrap.min.css\">\n\n\n<ul class=\"pagination\">\n\t    \n\t\n\n<li >\n\t<a href='?page_no=30598'>Previous<\/a>\n\t<\/li>\n\n\n       \n    \n\n<li><a href='?page_no=1'>1<\/a><\/li>\n\n\n\n<li><a href='?page_no=2'>2<\/a><\/li>\n\n\n\n<li><a>...<\/a><\/li>\n\n\n\n<li><a href='?page_no=30597'>30597<\/a><\/li>\n\n\n\n<li><a href='?page_no=30598'>30598<\/a><\/li>\n\n\n\n<li class='active'><a>30599<\/a><\/li>\n\n\n\n<li><a href='?page_no=30600'>30600<\/a><\/li>\n\n\n\n<li><a href='?page_no=30601'>30601<\/a><\/li>\n\n\n\n<li><a>...<\/a><\/li>\n\n\n\n<li><a href='?page_no=31963'>31963<\/a><\/li>\n\n\n\n<li><a href='?page_no=31964'>31964<\/a><\/li>\n\n    \n\t\n\n<li >\n\t<a href='?page_no=30600'>Next<\/a>\n\t<\/li>\n\n\n    \n\n<li><a href='?page_no=31964'>Last &rsaquo;&rsaquo;<\/a><\/li>\n\n<\/ul>\n\n\n--><br \/>\n<\/body><\/p>\n","protected":false},"excerpt":{"rendered":"<p>Un cabo de la Polic\u00eda Nacional fue apresado ayer tras ultimar por heridas de bala en distintas partes del cuerpo un hombre de 58 a\u00f1os que laboraba como seguridad en la residencia del presidente del Partido Dem\u00f3crata Institucional (PDI), ubicada en la Juan Thom\u00e1s Mej\u00eda y Coste, n\u00famero 85, del sector Arroyo Hondo, en esta [&hellip;]<\/p>\n","protected":false},"author":3,"featured_media":0,"comment_status":"open","ping_status":"open","sticky":false,"template":"","format":"standard","meta":{"footnotes":""},"categories":[24],"tags":[],"class_list":["post-155431","post","type-post","status-publish","format-standard","hentry","category-justicia-y-derecho"],"_links":{"self":[{"href":"https:\/\/diariodominicano.com\/index.php?rest_route=\/wp\/v2\/posts\/155431","targetHints":{"allow":["GET"]}}],"collection":[{"href":"https:\/\/diariodominicano.com\/index.php?rest_route=\/wp\/v2\/posts"}],"about":[{"href":"https:\/\/diariodominicano.com\/index.php?rest_route=\/wp\/v2\/types\/post"}],"author":[{"embeddable":true,"href":"https:\/\/diariodominicano.com\/index.php?rest_route=\/wp\/v2\/users\/3"}],"replies":[{"embeddable":true,"href":"https:\/\/diariodominicano.com\/index.php?rest_route=%2Fwp%2Fv2%2Fcomments&post=155431"}],"version-history":[{"count":0,"href":"https:\/\/diariodominicano.com\/index.php?rest_route=\/wp\/v2\/posts\/155431\/revisions"}],"wp:attachment":[{"href":"https:\/\/diariodominicano.com\/index.php?rest_route=%2Fwp%2Fv2%2Fmedia&parent=155431"}],"wp:term":[{"taxonomy":"category","embeddable":true,"href":"https:\/\/diariodominicano.com\/index.php?rest_route=%2Fwp%2Fv2%2Fcategories&post=155431"},{"taxonomy":"post_tag","embeddable":true,"href":"https:\/\/diariodominicano.com\/index.php?rest_route=%2Fwp%2Fv2%2Ftags&post=155431"}],"curies":[{"name":"wp","href":"https:\/\/api.w.org\/{rel}","templated":true}]}}