{"id":155427,"date":"2010-11-15T14:18:41","date_gmt":"2010-11-15T14:18:41","guid":{"rendered":"http:\/\/diariodominicano.ddns.net\/?p=155427"},"modified":"2010-11-15T14:18:41","modified_gmt":"2010-11-15T14:18:41","slug":"investigan-mayor-pn-y-otros-agentes-por-incidente-donde-murio-interno-y-otros-huyo-en-el-hospital-de-barahona","status":"publish","type":"post","link":"https:\/\/diariodominicano.com\/?p=155427","title":{"rendered":"Investigan mayor PN y otros agentes por incidente donde muri\u00f3 interno y otros huy\u00f3 en el hospital de Barahona"},"content":{"rendered":"<p><body><\/p>\n<p><img decoding=\"async\" src=\"http:\/\/localhost:8080\/justiciayderecho\/img3\/El jodio muerto.jpg\" \/>  <\/p>\n<p><span class=\"text1noticias\">Barahona, 15 Nov 2010.- El mayor encargado de la seguridad de la c\u00e1rcel p\u00fablica de esta ciudad, y otros agentes policiales est\u00e1n siendo investigados con relaci\u00f3n al incidente donde un interno muri\u00f3, otro escap\u00f3 y un uniformado result\u00f3 con heridas contusas en la cabeza por los reclusos en el hospital regional universitario Jaime Mota de aqu\u00ed.<\/span><\/p>\n<\/p>\n<p><span class=\"text1noticias\">Una fuente de la Direcci\u00f3n Regional Sur de la Polic\u00eda dijo que el mayor de la Paz es investigado por haber enviado al centro de salud, a dos internos peligrosos con la custodia de un agente de la uniformada.<\/span><\/p>\n<p><span class=\"text1noticias\"> <\/span><\/p>\n<p><span class=\"text1noticias\">Se inform\u00f3 que otros agentes policiales que prestaban servicio en el  \u00e1rea de la seguridad  del penal el pasado jueves, tambi\u00e9n son interrogados.<\/span><\/p>\n<p><span class=\"text1noticias\"> <\/span><\/p>\n<p><span class=\"text1noticias\">La fuente dijo que el general, Rafael Calder\u00f3n Efres, jefe de la Direcci\u00f3n Regional Sur cre\u00f3 una comisi\u00f3n para que investigue el caso, y rendir un informe de los hechos en el menor tiempo posible.<\/span><\/p>\n<p><span class=\"text1noticias\"> <\/span><\/p>\n<p><span class=\"text1noticias\">La comitiva va a investigar el suceso donde perdi\u00f3 la vida, Ram\u00f3n Medrano P\u00e9rez (Jiman\u00ed), y donde escap\u00f3 Carlos Suero Mej\u00eda y donde estos hirieron de un golpe en la cabeza a su custodia, el cabo Boris Enrique L\u00f3pez Espinosa.<\/span><\/p>\n<p><span class=\"text1noticias\"> <\/span><\/p>\n<p><span class=\"text1noticias\">El hecho ocurri\u00f3 cuando los internos le solicitaron al uniformado que lo llevara al ba\u00f1o del hospital Jaime Mota donde acudieron a una consulta odontol\u00f3gica, donde lo estaban ahorcando y despu\u00e9s lo golpearon con la escopeta  que ten\u00eda asignada para el servicio.<\/span><\/p>\n<p><span class=\"text1noticias\"> <\/span><\/p>\n<p><span class=\"text1noticias\">Tras haberlo herido en el ba\u00f1o, ambos internos huyeron con la escopeta y el rev\u00f3lver de L\u00f3pez Espinosa, donde Medrano P\u00e9rez sali\u00f3 del recinto de salud, fue visto por una patrulla con la escopeta, tras un  motoconchistas haber vociferado que se escapaban dos reos.<\/span><\/p>\n<p><span class=\"text1noticias\"> <\/span><\/p>\n<p><span class=\"text1noticias\">La patrulla, vio al prisionero con la escopeta, y seg\u00fan la Polic\u00eda este intent\u00f3 dispararle, pero estos lo hicieron en una de sus piernas de un cartuchazo, cuyas municiones se les dispersaron por todo el cuerpo.<\/span><\/p>\n<p><span class=\"text1noticias\"> <\/span><\/p>\n<p><span class=\"text1noticias\">Las investigaciones buscan determinar el porqu\u00e9, se design\u00f3 a un solo agente para ese servicio, donde dos peligros delincuentes iban a ser llevados al centro asistencial.<\/span><\/p>\n<p><span class=\"text1noticias\"> <\/span><\/p>\n<p><span class=\"text1noticias\">Se inform\u00f3 que el mayor de la Paz , quien es nativo del municipio de Jaquimeyes, rindi\u00f3 un informe  al general Calder\u00f3n Efres de los pormenores acontecido la tarde del pasado jueves en el centro asistencial y en las inmediaciones de este, en la calle V\u00edctor Matos, al frente de las instalaciones de Plan Internacional.<\/span><\/p>\n<p><span class=\"text1noticias\"> <\/span><\/p>\n<p><span class=\"text1noticias\">El occiso era nativo de Jiman\u00ed, mientras que el pr\u00f3fugo es oriundo de La Vega , quien no ha sido reapresado. El fallecido cumpl\u00eda condena por homicidio y el fugitivo por robo, atracos y otros hechos.<\/span><\/p>\n<h6> 2010-11-15 14:18:41 <\/h6>\n<p><!--\n<link rel=\"stylesheet\" href=\"css\/bootstrap.min.css\">\n\n\n<ul class=\"pagination\">\n\t    \n\t\n\n<li >\n\t<a href='?page_no=30594'>Previous<\/a>\n\t<\/li>\n\n\n       \n    \n\n<li><a href='?page_no=1'>1<\/a><\/li>\n\n\n\n<li><a href='?page_no=2'>2<\/a><\/li>\n\n\n\n<li><a>...<\/a><\/li>\n\n\n\n<li><a href='?page_no=30593'>30593<\/a><\/li>\n\n\n\n<li><a href='?page_no=30594'>30594<\/a><\/li>\n\n\n\n<li class='active'><a>30595<\/a><\/li>\n\n\n\n<li><a href='?page_no=30596'>30596<\/a><\/li>\n\n\n\n<li><a href='?page_no=30597'>30597<\/a><\/li>\n\n\n\n<li><a>...<\/a><\/li>\n\n\n\n<li><a href='?page_no=31963'>31963<\/a><\/li>\n\n\n\n<li><a href='?page_no=31964'>31964<\/a><\/li>\n\n    \n\t\n\n<li >\n\t<a href='?page_no=30596'>Next<\/a>\n\t<\/li>\n\n\n    \n\n<li><a href='?page_no=31964'>Last &rsaquo;&rsaquo;<\/a><\/li>\n\n<\/ul>\n\n\n--><br \/>\n<\/body><\/p>\n","protected":false},"excerpt":{"rendered":"<p>Barahona, 15 Nov 2010.- El mayor encargado de la seguridad de la c\u00e1rcel p\u00fablica de esta ciudad, y otros agentes policiales est\u00e1n siendo investigados con relaci\u00f3n al incidente donde un interno muri\u00f3, otro escap\u00f3 y un uniformado result\u00f3 con heridas contusas en la cabeza por los reclusos en el hospital regional universitario Jaime Mota de [&hellip;]<\/p>\n","protected":false},"author":3,"featured_media":0,"comment_status":"open","ping_status":"open","sticky":false,"template":"","format":"standard","meta":{"footnotes":""},"categories":[24],"tags":[],"class_list":["post-155427","post","type-post","status-publish","format-standard","hentry","category-justicia-y-derecho"],"_links":{"self":[{"href":"https:\/\/diariodominicano.com\/index.php?rest_route=\/wp\/v2\/posts\/155427","targetHints":{"allow":["GET"]}}],"collection":[{"href":"https:\/\/diariodominicano.com\/index.php?rest_route=\/wp\/v2\/posts"}],"about":[{"href":"https:\/\/diariodominicano.com\/index.php?rest_route=\/wp\/v2\/types\/post"}],"author":[{"embeddable":true,"href":"https:\/\/diariodominicano.com\/index.php?rest_route=\/wp\/v2\/users\/3"}],"replies":[{"embeddable":true,"href":"https:\/\/diariodominicano.com\/index.php?rest_route=%2Fwp%2Fv2%2Fcomments&post=155427"}],"version-history":[{"count":0,"href":"https:\/\/diariodominicano.com\/index.php?rest_route=\/wp\/v2\/posts\/155427\/revisions"}],"wp:attachment":[{"href":"https:\/\/diariodominicano.com\/index.php?rest_route=%2Fwp%2Fv2%2Fmedia&parent=155427"}],"wp:term":[{"taxonomy":"category","embeddable":true,"href":"https:\/\/diariodominicano.com\/index.php?rest_route=%2Fwp%2Fv2%2Fcategories&post=155427"},{"taxonomy":"post_tag","embeddable":true,"href":"https:\/\/diariodominicano.com\/index.php?rest_route=%2Fwp%2Fv2%2Ftags&post=155427"}],"curies":[{"name":"wp","href":"https:\/\/api.w.org\/{rel}","templated":true}]}}