{"id":155425,"date":"2010-11-15T19:48:21","date_gmt":"2010-11-15T19:48:21","guid":{"rendered":"http:\/\/diariodominicano.ddns.net\/?p=155425"},"modified":"2010-11-15T19:48:21","modified_gmt":"2010-11-15T19:48:21","slug":"educadores-y-docentes-realizan-protesta-en-esa-provincia-y-comunidades-cercanas-por-demanada-cuatro-por-ciento-para-educacion","status":"publish","type":"post","link":"https:\/\/diariodominicano.com\/?p=155425","title":{"rendered":"Educadores y docentes realizan protesta en esa provincia y comunidades cercanas por demanada cuatro por ciento para educaci\u00f3n&#13;"},"content":{"rendered":"<p><body><\/p>\n<p><span class=\"text1noticias\">Teuddy A. S\u00e1nchez<\/span><\/p>\n<\/p>\n<p><span class=\"text1noticias\">BARAHONA.- Profesores, Estudiantes y  de varias poblaciones de Barahona realizan protesta en esa  provincia  y varias comunidades, en demanda del 4 por ciento del Presupuesto para la educaci\u00f3n y en demanda de la reposici\u00f3n del Seguro M\u00e9dico para los maestros.<\/span><\/p>\n<\/p>\n<p><span class=\"text1noticias\"> Los educadores de Palo Alto, Jaquimeyes, Fundaci\u00f3n, El Pe\u00f1\u00f3n, Para\u00edso, Vicente Noble y otras localidades ocuparon las orillas de la v\u00eda que comunica a Santo Domingo.<\/span><\/p>\n<\/p>\n<p><span class=\"text1noticias\">Los educadores dijeron que esta vigilia se mantendr\u00e1 durante todo esto lunes, como forma de llamar la atenci\u00f3n autoridades gubernamentales sobre sus reivindicaciones.<\/span><\/p>\n<\/p>\n<p><span class=\"text1noticias\">Los profesores pronuncian consignas y exhiben  cartelones sobre sus exigencias, quienes reciben el apoyo de las personas que transitan por la autopista S\u00e1nchez.<\/span><\/p>\n<\/p>\n<p><span class=\"text1noticias\">Algunos conductores se paran frente a los educadores en se\u00f1al de apoyo a los educadores de varias poblaciones ubicadas en la Cuenca Baja del r\u00edo Yaque del Sur.<\/span><\/p>\n<\/p>\n<p><span class=\"text1noticias\"> Los maestros reclaman el restablecimiento del seguro de salud del Semma, y que el 4 por ciento del prepuesto sea para educaci\u00f3n.<\/span><\/p>\n<\/p>\n<p><span class=\"text1noticias\"> La protesta de los maestros es vigilada por agentes policiales que se desplaza por las localidades en una unidad m\u00f3vil.<\/span><\/p>\n<\/p>\n<h6> 2010-11-15 19:48:21 <\/h6>\n<p><!--\n<link rel=\"stylesheet\" href=\"css\/bootstrap.min.css\">\n\n\n<ul class=\"pagination\">\n\t    \n\t\n\n<li >\n\t<a href='?page_no=30592'>Previous<\/a>\n\t<\/li>\n\n\n       \n    \n\n<li><a href='?page_no=1'>1<\/a><\/li>\n\n\n\n<li><a href='?page_no=2'>2<\/a><\/li>\n\n\n\n<li><a>...<\/a><\/li>\n\n\n\n<li><a href='?page_no=30591'>30591<\/a><\/li>\n\n\n\n<li><a href='?page_no=30592'>30592<\/a><\/li>\n\n\n\n<li class='active'><a>30593<\/a><\/li>\n\n\n\n<li><a href='?page_no=30594'>30594<\/a><\/li>\n\n\n\n<li><a href='?page_no=30595'>30595<\/a><\/li>\n\n\n\n<li><a>...<\/a><\/li>\n\n\n\n<li><a href='?page_no=31963'>31963<\/a><\/li>\n\n\n\n<li><a href='?page_no=31964'>31964<\/a><\/li>\n\n    \n\t\n\n<li >\n\t<a href='?page_no=30594'>Next<\/a>\n\t<\/li>\n\n\n    \n\n<li><a href='?page_no=31964'>Last &rsaquo;&rsaquo;<\/a><\/li>\n\n<\/ul>\n\n\n--><br \/>\n<\/body><\/p>\n","protected":false},"excerpt":{"rendered":"<p>Teuddy A. S\u00e1nchez BARAHONA.- Profesores, Estudiantes y de varias poblaciones de Barahona realizan protesta en esa provincia y varias comunidades, en demanda del 4 por ciento del Presupuesto para la educaci\u00f3n y en demanda de la reposici\u00f3n del Seguro M\u00e9dico para los maestros. Los educadores de Palo Alto, Jaquimeyes, Fundaci\u00f3n, El Pe\u00f1\u00f3n, Para\u00edso, Vicente Noble [&hellip;]<\/p>\n","protected":false},"author":3,"featured_media":0,"comment_status":"open","ping_status":"open","sticky":false,"template":"","format":"standard","meta":{"footnotes":""},"categories":[24],"tags":[],"class_list":["post-155425","post","type-post","status-publish","format-standard","hentry","category-justicia-y-derecho"],"_links":{"self":[{"href":"https:\/\/diariodominicano.com\/index.php?rest_route=\/wp\/v2\/posts\/155425","targetHints":{"allow":["GET"]}}],"collection":[{"href":"https:\/\/diariodominicano.com\/index.php?rest_route=\/wp\/v2\/posts"}],"about":[{"href":"https:\/\/diariodominicano.com\/index.php?rest_route=\/wp\/v2\/types\/post"}],"author":[{"embeddable":true,"href":"https:\/\/diariodominicano.com\/index.php?rest_route=\/wp\/v2\/users\/3"}],"replies":[{"embeddable":true,"href":"https:\/\/diariodominicano.com\/index.php?rest_route=%2Fwp%2Fv2%2Fcomments&post=155425"}],"version-history":[{"count":0,"href":"https:\/\/diariodominicano.com\/index.php?rest_route=\/wp\/v2\/posts\/155425\/revisions"}],"wp:attachment":[{"href":"https:\/\/diariodominicano.com\/index.php?rest_route=%2Fwp%2Fv2%2Fmedia&parent=155425"}],"wp:term":[{"taxonomy":"category","embeddable":true,"href":"https:\/\/diariodominicano.com\/index.php?rest_route=%2Fwp%2Fv2%2Fcategories&post=155425"},{"taxonomy":"post_tag","embeddable":true,"href":"https:\/\/diariodominicano.com\/index.php?rest_route=%2Fwp%2Fv2%2Ftags&post=155425"}],"curies":[{"name":"wp","href":"https:\/\/api.w.org\/{rel}","templated":true}]}}