{"id":155423,"date":"2010-11-15T19:53:55","date_gmt":"2010-11-15T19:53:55","guid":{"rendered":"http:\/\/diariodominicano.ddns.net\/?p=155423"},"modified":"2010-11-15T19:53:55","modified_gmt":"2010-11-15T19:53:55","slug":"medicos-afirman-colera-podria-llegar-a-rd","status":"publish","type":"post","link":"https:\/\/diariodominicano.com\/?p=155423","title":{"rendered":"M\u00e9dicos afirman C\u00f3lera podr\u00eda llegar a RD  &#13;"},"content":{"rendered":"<p><body><\/p>\n<p><img decoding=\"async\" src=\"http:\/\/localhost:8080\/justiciayderecho\/img3\/coleraHait%C3%83%C2%AD.jpg\" \/>  <\/p>\n<p><span class=\"text1noticias\"> <\/span><\/p>\n<p><span class=\"text1noticias\">\u00abEl C\u00f3lera es una enfermedad muy contagiosa que puede matar a una persona en tan solo unas horas\u00bb, as\u00ed  manifest\u00f3 el doctor Santos Ram\u00edrez, presidente de la Regional del Distrito del Colegio M\u00e9dico Dominicano (CMD) en la conferencia: \u00abEl C\u00f3lera en la Actualidad\u00bb, la cual fue dictada en la sede central de la entidad. <\/span><\/p>\n<\/p>\n<p><span class=\"text1noticias\"> Ram\u00edrez afirm\u00f3,  adem\u00e1s, que las malas condiciones de las redes sanitarias, entre otros compontes de ausencia de higiene, facilitan la propagaci\u00f3n de la enfermedad, la cual podr\u00eda llegar a la Rep\u00fablica Dominicana a trav\u00e9s de la zona fronteriza, que calific\u00f3 de virtual.<\/span><\/p>\n<\/p>\n<p><span class=\"text1noticias\"> El facultativo, quien estuvo a su cargo las palabras de apertura del c\u00f3nclave para los actuales y futuro m\u00e9dicos, dijo que se debe estar preparado para dar un manejo adecuado si la enfermedad llega al pa\u00eds.<\/span><\/p>\n<\/p>\n<p><span class=\"text1noticias\">Record\u00f3 que hace aproximadamente un siglo no se conoc\u00eda la problem\u00e1tica, la cual ha provocado -en la vecina naci\u00f3n- m\u00e1s de mil fallecidos y otros 12 mil infectados.<\/span><\/p>\n<\/p>\n<p><span class=\"text1noticias\">Subray\u00f3 que el c\u00f3lera podr\u00eda convertirse en una pandemia de pasar a esta parte de la isla.<\/span><\/p>\n<\/p>\n<p><span class=\"text1noticias\">En tanto que el doctor Miguel \u00c1ngel Valdez Adens\u00f3n ? otro de los panelistas- consider\u00f3 inminente la entrada del C\u00f3lera a la Rep\u00fablica Dominicana, debido a la cercan\u00eda con el vecino pueblo haitiano, donde, y en cuya frontera conviven una gran confluencia de haitianos y dominicanos.   <\/span><\/p>\n<\/p>\n<p><span class=\"text1noticias\">En ese orden, el doctor Manuel Tejada, destacado epidemi\u00f3logo, demand\u00f3 del Ministerio de Salud P\u00fablica y Asistencia Social vigilar el manejo de aguas embotelladas, por el problema de los microorganismos prevalecientes en el proceso de embase y distribuci\u00f3n del producto.<\/span><\/p>\n<\/p>\n<p><span class=\"text1noticias\">Consider\u00f3 como una debilidad del pa\u00eds que sus aguas residuales no van a un sistema de alcantarillado, cuyo proceso provoca  que las aguas pasen por un proceso qu\u00edmico-f\u00edsico, que la hace potable al consumo humano.   <\/span><\/p>\n<\/p>\n<p><span class=\"text1noticias\">Demand\u00f3 tener cuidado con los transmisores mec\u00e1nicos como las moscas, las cuales provocan el incremento del bacilo, pues la gente en este pa\u00eds tiende a comer mucho en las calles. De igual forma, dijo que los alimentos deben  permanecer bien conservados para evitar la  contaminaci\u00f3n.<\/span><\/p>\n<\/p>\n<p><span class=\"text1noticias\">En ese orden, el doctor S\u00f3crates Bautista habl\u00f3 sobre los diferentes tipos de diarrea, la que  defini\u00f3 como el aumento de las frecuencias  y disminuci\u00f3n  de la consistencia de las heces fecales. <\/span>  <\/p>\n<h6> 2010-11-15 19:53:55 <\/h6>\n<p><!--\n<link rel=\"stylesheet\" href=\"css\/bootstrap.min.css\">\n\n\n<ul class=\"pagination\">\n\t    \n\t\n\n<li >\n\t<a href='?page_no=30590'>Previous<\/a>\n\t<\/li>\n\n\n       \n    \n\n<li><a href='?page_no=1'>1<\/a><\/li>\n\n\n\n<li><a href='?page_no=2'>2<\/a><\/li>\n\n\n\n<li><a>...<\/a><\/li>\n\n\n\n<li><a href='?page_no=30589'>30589<\/a><\/li>\n\n\n\n<li><a href='?page_no=30590'>30590<\/a><\/li>\n\n\n\n<li class='active'><a>30591<\/a><\/li>\n\n\n\n<li><a href='?page_no=30592'>30592<\/a><\/li>\n\n\n\n<li><a href='?page_no=30593'>30593<\/a><\/li>\n\n\n\n<li><a>...<\/a><\/li>\n\n\n\n<li><a href='?page_no=31963'>31963<\/a><\/li>\n\n\n\n<li><a href='?page_no=31964'>31964<\/a><\/li>\n\n    \n\t\n\n<li >\n\t<a href='?page_no=30592'>Next<\/a>\n\t<\/li>\n\n\n    \n\n<li><a href='?page_no=31964'>Last &rsaquo;&rsaquo;<\/a><\/li>\n\n<\/ul>\n\n\n--><br \/>\n<\/body><\/p>\n","protected":false},"excerpt":{"rendered":"<p>\u00abEl C\u00f3lera es una enfermedad muy contagiosa que puede matar a una persona en tan solo unas horas\u00bb, as\u00ed manifest\u00f3 el doctor Santos Ram\u00edrez, presidente de la Regional del Distrito del Colegio M\u00e9dico Dominicano (CMD) en la conferencia: \u00abEl C\u00f3lera en la Actualidad\u00bb, la cual fue dictada en la sede central de la entidad. Ram\u00edrez [&hellip;]<\/p>\n","protected":false},"author":3,"featured_media":0,"comment_status":"open","ping_status":"open","sticky":false,"template":"","format":"standard","meta":{"footnotes":""},"categories":[24],"tags":[],"class_list":["post-155423","post","type-post","status-publish","format-standard","hentry","category-justicia-y-derecho"],"_links":{"self":[{"href":"https:\/\/diariodominicano.com\/index.php?rest_route=\/wp\/v2\/posts\/155423","targetHints":{"allow":["GET"]}}],"collection":[{"href":"https:\/\/diariodominicano.com\/index.php?rest_route=\/wp\/v2\/posts"}],"about":[{"href":"https:\/\/diariodominicano.com\/index.php?rest_route=\/wp\/v2\/types\/post"}],"author":[{"embeddable":true,"href":"https:\/\/diariodominicano.com\/index.php?rest_route=\/wp\/v2\/users\/3"}],"replies":[{"embeddable":true,"href":"https:\/\/diariodominicano.com\/index.php?rest_route=%2Fwp%2Fv2%2Fcomments&post=155423"}],"version-history":[{"count":0,"href":"https:\/\/diariodominicano.com\/index.php?rest_route=\/wp\/v2\/posts\/155423\/revisions"}],"wp:attachment":[{"href":"https:\/\/diariodominicano.com\/index.php?rest_route=%2Fwp%2Fv2%2Fmedia&parent=155423"}],"wp:term":[{"taxonomy":"category","embeddable":true,"href":"https:\/\/diariodominicano.com\/index.php?rest_route=%2Fwp%2Fv2%2Fcategories&post=155423"},{"taxonomy":"post_tag","embeddable":true,"href":"https:\/\/diariodominicano.com\/index.php?rest_route=%2Fwp%2Fv2%2Ftags&post=155423"}],"curies":[{"name":"wp","href":"https:\/\/api.w.org\/{rel}","templated":true}]}}