{"id":155422,"date":"2010-11-15T20:06:43","date_gmt":"2010-11-15T20:06:43","guid":{"rendered":"http:\/\/diariodominicano.ddns.net\/?p=155422"},"modified":"2010-11-15T20:06:43","modified_gmt":"2010-11-15T20:06:43","slug":"solicitan-al-congreso-nacional-proclame-el-25-de-noviembre-dia-de-alerta-contra-el-neotrujillismo","status":"publish","type":"post","link":"https:\/\/diariodominicano.com\/?p=155422","title":{"rendered":"Solicitan al Congreso Nacional proclame el 25 de noviembre \u00abD\u00eda de Alerta contra el Neotrujillismo\u00bb"},"content":{"rendered":"<p><body><\/p>\n<\/p>\n<p><span class=\"text1noticias\">La Fuerza Boschista del Partido de la Liberaci\u00f3n Dominicana solicita que el 25 de noviembre, fecha en la que se conmemora el asesinato de las Hermanas Mirabal y declarado como \u00abD\u00eda Internacional de la no Violencia Contra la Mujer\u00bb, el Congreso emita una resoluci\u00f3n proclam\u00e1ndolo como \u00abD\u00eda de la Alerta contra el Neo-trujillismo\u00bb y que en la ocasi\u00f3n se coloque en el frente de las casas, la Bandera Nacional, as\u00ed como im\u00e1genes que represente el antitrujillismo, como las Hermanas Mirabal; Juan Bosch y de los h\u00e9roes de Constanza, Maim\u00f3n y Estero Hondo, tambi\u00e9n del 14 de junio y del 30 de mayo, entre otras.<\/span><\/p>\n<\/p>\n<p><span class=\"text1noticias\">Esta corriente doctrinaria que promueve los ejemplos patri\u00f3ticos y de libertad del Padre de la democracia dominicana, el Prof. Juan Bosch, condena los hechos y acontecimientos que se han producido en estos \u00faltimos tres a\u00f1os, donde los familiares de Trujillo, hijos y nietos intervienen en la vida pol\u00edtica nacional escribiendo libros y pretendiendo crear una fundaci\u00f3n y, sobre todo, las acciones que est\u00e1 llevando a cabo un diputado que ha propuesto la creaci\u00f3n, por ley, de un museo que resalte la figura del Tirano, lo cual ha provocado la indignaci\u00f3n del pueblo.<\/span><\/p>\n<\/p>\n<p><span class=\"text1noticias\">La era de Trujillo fue una dictadura sin ejemplo, como la bautiz\u00f3 Juan Bosch en su libro que precisamente lleva ese nombre, por lo que las actividades que honren esta horrorosa etapa de nuestra historia, adem\u00e1s de ser una ofensa a los familiares y a las personas que fueron v\u00edctimas de abusos, apresamiento, torturas, cr\u00edmenes y asesinatos, es una clara violaci\u00f3n a la ley 58-80 que proh\u00edbe todo culto y forma de elevar la imagen del s\u00e1trapa.<\/span><\/p>\n<\/p>\n<p><span class=\"text1noticias\">La Fuerza Boschista del Partido de la Liberaci\u00f3n Dominicana ha programado una serie de actividades en procura de llamar del atenci\u00f3n al pueblo dominicano para que el 25 de Noviembre, en se\u00f1al de rechazo a las pretensiones \u00abNeo-Trujillistas\u00bb, se manifiesten en los espacios p\u00fablicos, para demostrarle a estos grupos que en la Rep\u00fablica Dominicana nunca m\u00e1s se instalar\u00e1 una dictadura, porque este pueblo ha decidido vivir en democracia.<\/span><\/p>\n<h6> 2010-11-15 20:06:43 <\/h6>\n<p><!--\n<link rel=\"stylesheet\" href=\"css\/bootstrap.min.css\">\n\n\n<ul class=\"pagination\">\n\t    \n\t\n\n<li >\n\t<a href='?page_no=30589'>Previous<\/a>\n\t<\/li>\n\n\n       \n    \n\n<li><a href='?page_no=1'>1<\/a><\/li>\n\n\n\n<li><a href='?page_no=2'>2<\/a><\/li>\n\n\n\n<li><a>...<\/a><\/li>\n\n\n\n<li><a href='?page_no=30588'>30588<\/a><\/li>\n\n\n\n<li><a href='?page_no=30589'>30589<\/a><\/li>\n\n\n\n<li class='active'><a>30590<\/a><\/li>\n\n\n\n<li><a href='?page_no=30591'>30591<\/a><\/li>\n\n\n\n<li><a href='?page_no=30592'>30592<\/a><\/li>\n\n\n\n<li><a>...<\/a><\/li>\n\n\n\n<li><a href='?page_no=31963'>31963<\/a><\/li>\n\n\n\n<li><a href='?page_no=31964'>31964<\/a><\/li>\n\n    \n\t\n\n<li >\n\t<a href='?page_no=30591'>Next<\/a>\n\t<\/li>\n\n\n    \n\n<li><a href='?page_no=31964'>Last &rsaquo;&rsaquo;<\/a><\/li>\n\n<\/ul>\n\n\n--><br \/>\n<\/body><\/p>\n","protected":false},"excerpt":{"rendered":"<p>La Fuerza Boschista del Partido de la Liberaci\u00f3n Dominicana solicita que el 25 de noviembre, fecha en la que se conmemora el asesinato de las Hermanas Mirabal y declarado como \u00abD\u00eda Internacional de la no Violencia Contra la Mujer\u00bb, el Congreso emita una resoluci\u00f3n proclam\u00e1ndolo como \u00abD\u00eda de la Alerta contra el Neo-trujillismo\u00bb y que [&hellip;]<\/p>\n","protected":false},"author":3,"featured_media":0,"comment_status":"open","ping_status":"open","sticky":false,"template":"","format":"standard","meta":{"footnotes":""},"categories":[24],"tags":[],"class_list":["post-155422","post","type-post","status-publish","format-standard","hentry","category-justicia-y-derecho"],"_links":{"self":[{"href":"https:\/\/diariodominicano.com\/index.php?rest_route=\/wp\/v2\/posts\/155422","targetHints":{"allow":["GET"]}}],"collection":[{"href":"https:\/\/diariodominicano.com\/index.php?rest_route=\/wp\/v2\/posts"}],"about":[{"href":"https:\/\/diariodominicano.com\/index.php?rest_route=\/wp\/v2\/types\/post"}],"author":[{"embeddable":true,"href":"https:\/\/diariodominicano.com\/index.php?rest_route=\/wp\/v2\/users\/3"}],"replies":[{"embeddable":true,"href":"https:\/\/diariodominicano.com\/index.php?rest_route=%2Fwp%2Fv2%2Fcomments&post=155422"}],"version-history":[{"count":0,"href":"https:\/\/diariodominicano.com\/index.php?rest_route=\/wp\/v2\/posts\/155422\/revisions"}],"wp:attachment":[{"href":"https:\/\/diariodominicano.com\/index.php?rest_route=%2Fwp%2Fv2%2Fmedia&parent=155422"}],"wp:term":[{"taxonomy":"category","embeddable":true,"href":"https:\/\/diariodominicano.com\/index.php?rest_route=%2Fwp%2Fv2%2Fcategories&post=155422"},{"taxonomy":"post_tag","embeddable":true,"href":"https:\/\/diariodominicano.com\/index.php?rest_route=%2Fwp%2Fv2%2Ftags&post=155422"}],"curies":[{"name":"wp","href":"https:\/\/api.w.org\/{rel}","templated":true}]}}