{"id":155421,"date":"2010-11-15T20:35:18","date_gmt":"2010-11-15T20:35:18","guid":{"rendered":"http:\/\/diariodominicano.ddns.net\/?p=155421"},"modified":"2010-11-15T20:35:18","modified_gmt":"2010-11-15T20:35:18","slug":"mandatario-encabezara-inauguracion-proyecto-habitacional-villas-palmajero-inavi","status":"publish","type":"post","link":"https:\/\/diariodominicano.com\/?p=155421","title":{"rendered":"Mandatario encabezar\u00e1 inauguraci\u00f3n proyecto habitacional Villas Palmajero-INAVI"},"content":{"rendered":"<p><body><\/p>\n<p><img decoding=\"async\" src=\"http:\/\/localhost:8080\/justiciayderecho\/img3\/leonel.JPG\" \/>  <\/p>\n<p><span class=\"text1noticias\">El presidente Leonel Fern\u00e1ndez, encabezar\u00e1 este martes la inauguraci\u00f3n del proyecto habitacional Villas Palmarejo en la comunidad del mismo nombre, en Azua, que beneficiar\u00e1 a 101 familias damnificadas del cicl\u00f3n George, obra construida por el Instituto de Auxilios y Viviendas (INAVI), con una inversi\u00f3n de 74 millones 321 mil 527 pesos.<\/span><\/p>\n<\/p>\n<p><span class=\"text1noticias\">El acto de entrega de las viviendas est\u00e1 programado para iniciar a las 11 de la ma\u00f1ana en las instalaciones del referido proyecto, ubicado en la carretera Azua-Pueblo Viejo.<\/span><\/p>\n<\/p>\n<p><span class=\"text1noticias\">El discurso central del evento, estar\u00e1 a cargo de la licenciada Maritza L\u00f3pez de Ortiz, administradora general del INAVI.<\/span><\/p>\n<\/p>\n<p><span class=\"text1noticias\">El complejo habitacional que entregar\u00e1 el primer mandatario fue construido en un \u00e1rea de 54 metros cuadrados, consta de sala-comedor, tres habitaciones, \u00e1rea de lavado, ba\u00f1o, cocina, jardines, calles asfaltadas, aceras, contenes y servicio de electricidad.<\/span><\/p>\n<\/p>\n<p><span class=\"text1noticias\">Tambi\u00e9n, con una cisterna con capacidad para 40 mil galones de agua, garantizando as\u00ed el suministro de agua potable, un parque infantil con columpios, juegos y \u00e1reas verdes. <\/span><\/p>\n<\/p>\n<p><span class=\"text1noticias\">El Inavi detalla que fueron cambiados los pisos originales, que eran de hormig\u00f3n pulido por otros de cer\u00e1mica, as\u00ed como tambi\u00e9n se colocaron en el \u00e1rea de cocina los gabinetes, topes de marmolite y una estufa donada por esta entidad.<\/span><\/p>\n<\/p>\n<p><span class=\"text1noticias\">Adem\u00e1s, fue levantada una iglesia para la comunidad, en un \u00e1rea de 225 metros cuadrados, infraestructura que dispone de un altar, sacrist\u00eda, ba\u00f1os, acera perimetral y jardiner\u00eda. El templo est\u00e1 equipado con bancos mesa de altar, p\u00falpito y abanicos de techo.<\/span><\/p>\n<\/p>\n<p><span class=\"text1noticias\">El proyecto Palmarejo, fue iniciado en el a\u00f1o 1999 y retomado a la llegada a esta instituci\u00f3n de la administradora general del Instituto Nacional de Auxilios y Viviendas, Maritza L\u00f3pez de Ortiz.<\/span><\/p>\n<\/p>\n<p><span class=\"text1noticias\">Los ingenieros que trabajaron en la culminaci\u00f3n de las viviendas de Palmarejo fueron M\u00e1ximo Suero y Rafael Pichardo, as\u00ed como el arquitecto Juan Carvajal.<\/span><\/p>\n<\/p>\n<h6> 2010-11-15 20:35:18 <\/h6>\n<p><!--\n<link rel=\"stylesheet\" href=\"css\/bootstrap.min.css\">\n\n\n<ul class=\"pagination\">\n\t    \n\t\n\n<li >\n\t<a href='?page_no=30588'>Previous<\/a>\n\t<\/li>\n\n\n       \n    \n\n<li><a href='?page_no=1'>1<\/a><\/li>\n\n\n\n<li><a href='?page_no=2'>2<\/a><\/li>\n\n\n\n<li><a>...<\/a><\/li>\n\n\n\n<li><a href='?page_no=30587'>30587<\/a><\/li>\n\n\n\n<li><a href='?page_no=30588'>30588<\/a><\/li>\n\n\n\n<li class='active'><a>30589<\/a><\/li>\n\n\n\n<li><a href='?page_no=30590'>30590<\/a><\/li>\n\n\n\n<li><a href='?page_no=30591'>30591<\/a><\/li>\n\n\n\n<li><a>...<\/a><\/li>\n\n\n\n<li><a href='?page_no=31963'>31963<\/a><\/li>\n\n\n\n<li><a href='?page_no=31964'>31964<\/a><\/li>\n\n    \n\t\n\n<li >\n\t<a href='?page_no=30590'>Next<\/a>\n\t<\/li>\n\n\n    \n\n<li><a href='?page_no=31964'>Last &rsaquo;&rsaquo;<\/a><\/li>\n\n<\/ul>\n\n\n--><br \/>\n<\/body><\/p>\n","protected":false},"excerpt":{"rendered":"<p>El presidente Leonel Fern\u00e1ndez, encabezar\u00e1 este martes la inauguraci\u00f3n del proyecto habitacional Villas Palmarejo en la comunidad del mismo nombre, en Azua, que beneficiar\u00e1 a 101 familias damnificadas del cicl\u00f3n George, obra construida por el Instituto de Auxilios y Viviendas (INAVI), con una inversi\u00f3n de 74 millones 321 mil 527 pesos. El acto de entrega [&hellip;]<\/p>\n","protected":false},"author":3,"featured_media":0,"comment_status":"open","ping_status":"open","sticky":false,"template":"","format":"standard","meta":{"footnotes":""},"categories":[24],"tags":[],"class_list":["post-155421","post","type-post","status-publish","format-standard","hentry","category-justicia-y-derecho"],"_links":{"self":[{"href":"https:\/\/diariodominicano.com\/index.php?rest_route=\/wp\/v2\/posts\/155421","targetHints":{"allow":["GET"]}}],"collection":[{"href":"https:\/\/diariodominicano.com\/index.php?rest_route=\/wp\/v2\/posts"}],"about":[{"href":"https:\/\/diariodominicano.com\/index.php?rest_route=\/wp\/v2\/types\/post"}],"author":[{"embeddable":true,"href":"https:\/\/diariodominicano.com\/index.php?rest_route=\/wp\/v2\/users\/3"}],"replies":[{"embeddable":true,"href":"https:\/\/diariodominicano.com\/index.php?rest_route=%2Fwp%2Fv2%2Fcomments&post=155421"}],"version-history":[{"count":0,"href":"https:\/\/diariodominicano.com\/index.php?rest_route=\/wp\/v2\/posts\/155421\/revisions"}],"wp:attachment":[{"href":"https:\/\/diariodominicano.com\/index.php?rest_route=%2Fwp%2Fv2%2Fmedia&parent=155421"}],"wp:term":[{"taxonomy":"category","embeddable":true,"href":"https:\/\/diariodominicano.com\/index.php?rest_route=%2Fwp%2Fv2%2Fcategories&post=155421"},{"taxonomy":"post_tag","embeddable":true,"href":"https:\/\/diariodominicano.com\/index.php?rest_route=%2Fwp%2Fv2%2Ftags&post=155421"}],"curies":[{"name":"wp","href":"https:\/\/api.w.org\/{rel}","templated":true}]}}