{"id":155420,"date":"2010-11-15T21:36:13","date_gmt":"2010-11-15T21:36:13","guid":{"rendered":"http:\/\/diariodominicano.ddns.net\/?p=155420"},"modified":"2010-11-15T21:36:13","modified_gmt":"2010-11-15T21:36:13","slug":"autoridades-daran-a-conocer-este-martes-investigaciones-atentado-a-jordi-veras","status":"publish","type":"post","link":"https:\/\/diariodominicano.com\/?p=155420","title":{"rendered":"&#13;Autoridades dar\u00e1n a conocer este martes, investigaciones atentado a Jordi Veras"},"content":{"rendered":"<p><body><\/p>\n<p><img decoding=\"async\" src=\"http:\/\/localhost:8080\/justiciayderecho\/img3\/jordi veras.jpg\" \/>  <\/p>\n<p><span class=\"text1noticias\">Santo Domingo.-El ministerio p\u00fablico anunciar\u00e1 este Marte los resultados de las investigaciones efectuadas por las autoridades sobre el atentado en contra del abogado y comunicador Jordi Veras, quien sali\u00f3 del pa\u00eds junto a su familia por temor a otra agresi\u00f3n.<\/span><\/p>\n<\/p>\n<p><span class=\"text1noticias\">De acuerdo con una nota de prensa, la Procuradur\u00eda General de la Rep\u00fablica dar\u00e1 los detalles en una rueda de prensa, que contar\u00e1 con la presencia del procurador Radham\u00e9s Jim\u00e9nez Pe\u00f1a; el jefe de la Polic\u00eda, mayor general Jos\u00e9 Armando Polanco G\u00f3mez; la fiscal de Santiago, Yeni Berenice Reynoso, y el padre del comunicador, Ram\u00f3n Antonio (Negro) Veras.<\/span><\/p>\n<\/p>\n<p><span class=\"text1noticias\">La rueda de prensa se efectuar\u00e1 a las 10:00 de la ma\u00f1ana en el auditorio de la Procuradur\u00eda.<\/span><\/p>\n<\/p>\n<p><span class=\"text1noticias\">Producto del atentado, ocurrido el pasado dos de junio, Veras perdi\u00f3 la visi\u00f3n de un ojo, luego de ser sometido a varias cirug\u00edas. El abogado fue baleado por desconocidos en el parqueo de un canal de televisi\u00f3n en Santiago cuando llegaba a un programa de televisi\u00f3n donde laboraba.<\/span><\/p>\n<\/p>\n<p><span class=\"text1noticias\">Veras parti\u00f3 rumbo a Estados Unidos, luego de su familia anunciar que hab\u00edan tenido informes de que atentar\u00eda nueva vez contra su vida.<\/span><\/p>\n<\/p>\n<h6> 2010-11-15 21:36:13 <\/h6>\n<p><!--\n<link rel=\"stylesheet\" href=\"css\/bootstrap.min.css\">\n\n\n<ul class=\"pagination\">\n\t    \n\t\n\n<li >\n\t<a href='?page_no=30587'>Previous<\/a>\n\t<\/li>\n\n\n       \n    \n\n<li><a href='?page_no=1'>1<\/a><\/li>\n\n\n\n<li><a href='?page_no=2'>2<\/a><\/li>\n\n\n\n<li><a>...<\/a><\/li>\n\n\n\n<li><a href='?page_no=30586'>30586<\/a><\/li>\n\n\n\n<li><a href='?page_no=30587'>30587<\/a><\/li>\n\n\n\n<li class='active'><a>30588<\/a><\/li>\n\n\n\n<li><a href='?page_no=30589'>30589<\/a><\/li>\n\n\n\n<li><a href='?page_no=30590'>30590<\/a><\/li>\n\n\n\n<li><a>...<\/a><\/li>\n\n\n\n<li><a href='?page_no=31963'>31963<\/a><\/li>\n\n\n\n<li><a href='?page_no=31964'>31964<\/a><\/li>\n\n    \n\t\n\n<li >\n\t<a href='?page_no=30589'>Next<\/a>\n\t<\/li>\n\n\n    \n\n<li><a href='?page_no=31964'>Last &rsaquo;&rsaquo;<\/a><\/li>\n\n<\/ul>\n\n\n--><br \/>\n<\/body><\/p>\n","protected":false},"excerpt":{"rendered":"<p>Santo Domingo.-El ministerio p\u00fablico anunciar\u00e1 este Marte los resultados de las investigaciones efectuadas por las autoridades sobre el atentado en contra del abogado y comunicador Jordi Veras, quien sali\u00f3 del pa\u00eds junto a su familia por temor a otra agresi\u00f3n. De acuerdo con una nota de prensa, la Procuradur\u00eda General de la Rep\u00fablica dar\u00e1 los [&hellip;]<\/p>\n","protected":false},"author":3,"featured_media":0,"comment_status":"open","ping_status":"open","sticky":false,"template":"","format":"standard","meta":{"footnotes":""},"categories":[24],"tags":[],"class_list":["post-155420","post","type-post","status-publish","format-standard","hentry","category-justicia-y-derecho"],"_links":{"self":[{"href":"https:\/\/diariodominicano.com\/index.php?rest_route=\/wp\/v2\/posts\/155420","targetHints":{"allow":["GET"]}}],"collection":[{"href":"https:\/\/diariodominicano.com\/index.php?rest_route=\/wp\/v2\/posts"}],"about":[{"href":"https:\/\/diariodominicano.com\/index.php?rest_route=\/wp\/v2\/types\/post"}],"author":[{"embeddable":true,"href":"https:\/\/diariodominicano.com\/index.php?rest_route=\/wp\/v2\/users\/3"}],"replies":[{"embeddable":true,"href":"https:\/\/diariodominicano.com\/index.php?rest_route=%2Fwp%2Fv2%2Fcomments&post=155420"}],"version-history":[{"count":0,"href":"https:\/\/diariodominicano.com\/index.php?rest_route=\/wp\/v2\/posts\/155420\/revisions"}],"wp:attachment":[{"href":"https:\/\/diariodominicano.com\/index.php?rest_route=%2Fwp%2Fv2%2Fmedia&parent=155420"}],"wp:term":[{"taxonomy":"category","embeddable":true,"href":"https:\/\/diariodominicano.com\/index.php?rest_route=%2Fwp%2Fv2%2Fcategories&post=155420"},{"taxonomy":"post_tag","embeddable":true,"href":"https:\/\/diariodominicano.com\/index.php?rest_route=%2Fwp%2Fv2%2Ftags&post=155420"}],"curies":[{"name":"wp","href":"https:\/\/api.w.org\/{rel}","templated":true}]}}