{"id":155416,"date":"2010-11-16T17:43:48","date_gmt":"2010-11-16T17:43:48","guid":{"rendered":"http:\/\/diariodominicano.ddns.net\/?p=155416"},"modified":"2010-11-16T17:43:48","modified_gmt":"2010-11-16T17:43:48","slug":"al-menos-34-paises-estaran-representados-en-reunion-ministerial-de-la-oea","status":"publish","type":"post","link":"https:\/\/diariodominicano.com\/?p=155416","title":{"rendered":"Al menos 34 paises estar\u00e1n representados en reuni\u00f3n ministerial de la OEA"},"content":{"rendered":"<p><body><\/p>\n<p><img decoding=\"async\" src=\"http:\/\/localhost:8080\/justiciayderecho\/img3\/TemistoclesMontas.JPG\" \/>  <\/p>\n<p><span class=\"text1noticias\">Santo Domingo, RD, 16 nov 2010.-  Al menos 34 paises de la regi\u00f3n estar\u00e1n representados en la Segunda Reuni\u00f3n de Ministros y Altas Autoridades de Desarrollo Sostenible de los pa\u00edses miembros de la OEA,  que sesionar\u00e1 en Santo Domingo entre \u00e9ste mi\u00e9rcoles y el viernes pr\u00f3ximo, en cuyo acto inaugural hablara el Presidente Leonel Fern\u00e1ndez.<\/span><\/p>\n<\/p>\n<p><span class=\"text1noticias\">\tEl Ministro de Econom\u00eda, Planificaci\u00f3n y Desarrollo, Tem\u00edstocles Mont\u00e1s y el embajador dominicano ante la Organizaci\u00f3n de Estados Am\u00e9ricanos (OEA), Virgilio Alc\u00e1ntara, que el evento pasar\u00e1 revista a los avances en la implementaci\u00f3n del  Programa Interamericano de Desarrollo Sostenible 2006-2009 y el seguimiento a la Declaraci\u00f3n de Santa Cruz+10.<\/span><\/p>\n<\/p>\n<p><span class=\"text1noticias\">   Adelantaron que el objetivo de este di\u00e1logo, que reunir\u00e1 a delegados de 34 paises de la regi\u00f3n, incluyendo Estados Unidos,  es ponderar los logros y dificultades para avanzar  en materia de gesti\u00f3n de recursos h\u00eddricos, desastres, gesti\u00f3n forestal sostenible, agricultura sostenible y turismo sostenible.       <\/span><\/p>\n<\/p>\n<p><span class=\"text1noticias\">   Tambien ser\u00e1n abordados los desaf\u00edos y oportunidades en materia de conservaci\u00f3n y uso sostenible de la biodiversidad, gesti\u00f3n de zonas costeras y cambio clim\u00e1tico, promoci\u00f3n de las energ\u00edas renovables y la eficiencia energ\u00e9tica, as\u00ed como la  capacitaci\u00f3n y el fortalecimiento institucional para el desarrollo sostenible.<\/span><\/p>\n<\/p>\n<p><span class=\"text1noticias\">    Este fortalecimiento institucional debe tomar en cuenta las vulnerabilidades existentes, la necesidad de incorporar la gesti\u00f3n del riesgo en la planificaci\u00f3n y los aspectos vinculados a la gesti\u00f3n de la adaptaci\u00f3n al cambio clim\u00e1tico, todos  elementos esenciales para avanzar ?Hacia el Desarrollo Sostenible de las Am\u00e9ricas?, agregaron. <\/span><\/p>\n<\/p>\n<p><span class=\"text1noticias\">\tLa sesi\u00f3n inaugural ser\u00e1 a las 9:00 de la ma\u00f1ana, cuando pronunciar\u00e1 las palabras de bienvenida el Canciller Carlos Morales; luego el Secretario General de la OEA, Jos\u00e9 Miguel Insulza, y el Presidente de la Rep\u00fablica, Leonel Fern\u00e1ndez, inform\u00f3 Mont\u00e1s.<\/span><\/p>\n<\/p>\n<p><span class=\"text1noticias\">\tEl foro sesionar\u00e1 en el Sal\u00f3n de Convenciones del Ministerio de Relaciones Exteriores desde este mi\u00e9rcoles 17 hasta el viernes 19, cuando ser\u00e1 clausurado con palabras del ministro de Medio Ambiente y Recursos Naturales, Jaime David Fern\u00e1ndez Mirabal, y del Secretario General Adjunto de la OEA, Embajador Albert R. Ramdin.<\/span><\/p>\n<\/p>\n<p><span class=\"text1noticias\">   En  la rueda de prensa Mont\u00e1s estuvo acompa\u00f1ado del embajador dominicano ante la OEA, Virgilio Alc\u00e1ntara; Omar Ramirez,  responsable oficial en la parte de Medio Ambiente;  Nelson Toca, Viceministro de Planificaci\u00f3n y Magdalena Lizardo, directora de la Unidad Asesora de Estudios Economicos y Sociales del Ministerio de Ec onom\u00eda, Planificaci\u00f3n y Desarrollo.<\/span><\/p>\n<\/p>\n<p><span class=\"text1noticias\">\tLos Ministros y Altas Autoridades de Desarrollo Sostenible participantes son de Antigua y Barbuda, Argentina, Bahamas, Barbados, Belize, Brasil, Bolivia, Canad\u00e1, Chile, Colombia, Costa Rica, Dominica, Ecuador, El Salvador, Grenada, Guatemala, Hait\u00ed, Jamaica, M\u00e9xico, Nicaragua, Panam\u00e1, Paraguay, Per\u00fa, Rep\u00fablica Dominicana, Saint Kitts and Nevis, Santa Luc\u00eda, San Vicente y Las Granadinas, Suriname, Trinidad y Tobago, Estados Unidos de Norteam\u00e9rica, Uruguay y Venezuela,<\/span><\/p>\n<\/p>\n<p><span class=\"text1noticias\">\tLos ministros analizar\u00e1n la vulnerabilidad en las Am\u00e9ricas, sus v\u00ednculos con la creciente variabilidad clim\u00e1tica y los desaf\u00edos para los ecosistemas y sus servicios, las presiones adicionales en la energ\u00eda, la infraestructura y los sectores dependientes del agua, como la agricultura y el turismo, as\u00ed como los desaf\u00edos emergentes vinculados a la amenaza s\u00edsmica, agreg\u00f3 el funcionario.<\/span><\/p>\n<\/p>\n<p><span class=\"text1noticias\">\tExplorar\u00e1n mejores pr\u00e1cticas en la gesti\u00f3n del riesgo, en el marco de los peligros de origen clim\u00e1tico, y prestar\u00e1n mayor atenci\u00f3n a los instrumentos y mecanismos innovadores para la gesti\u00f3n de riesgo, que incluye a los que contribuyen a la adaptaci\u00f3n al cambio clim\u00e1tico a trav\u00e9s de la conservaci\u00f3n y uso sostenible de la biodiversidad y los servicios ecol\u00f3gicos.<\/span><\/p>\n<\/p>\n<p><span class=\"text1noticias\">\tMont\u00e1s explic\u00f3 que esta Segunda Reuni\u00f3n de Ministros y Altas Autoridades de Desarrollo Sostenible explorar\u00e1 adem\u00e1s el desarrollo de capacidades para c\u00f3digos, normas y est\u00e1ndares de construcci\u00f3n, su aplicaci\u00f3n y cumplimiento, la garant\u00eda de calidad, la planificaci\u00f3n y el uso del suelo en asentamientos rurales y urbanos.<\/span><\/p>\n<\/p>\n<p><span class=\"text1noticias\">\tTambi\u00e9n tratar\u00e1 sobre los desaf\u00edos legales e institucionales vinculados a la gesti\u00f3n de riesgos.<\/span><\/p>\n<\/p>\n<p><span class=\"text1noticias\">\tLos ministros de las Am\u00e9ricas intercambiar\u00e1n adem\u00e1s experiencias sobre las  estrategias de pol\u00edtica en sus pa\u00edses para afrontar los desaf\u00edos del cambio clim\u00e1tico en el marco del desarrollo sostenible.<\/span><\/p>\n<\/p>\n<p><span class=\"text1noticias\">\tSe espera que los ministros aborden tambi\u00e9n desaf\u00edos en el desarrollo e implementaci\u00f3n de estrategias en \u00e1reas como el financiamiento, la transferencia de riesgos, la descentralizaci\u00f3n y la participaci\u00f3n p\u00fablica, y que consideren la prevenci\u00f3n de conflictos a trav\u00e9s de programas que apoyen el respeto de los valores culturales y el patrimonio, la reducci\u00f3n de la pobreza, la promoci\u00f3n de la equidad de g\u00e9nero y la contribuci\u00f3n al logro de los Objetivos de Desarrollo del Milenio.<\/span><\/p>\n<\/p>\n<p><span class=\"text1noticias\">\tAl respecto, los participantes discutir\u00e1n los marcos legales e institucionales necesarios para la implementaci\u00f3n exitosa de estas pol\u00edticas, programas y estrategias, y considerar\u00e1n el apoyo al intercambio continuo en esas \u00e1reas, as\u00ed como en las de alianzas p\u00fablico-privadas a trav\u00e9s de la OEA.\t<\/span><\/p>\n<\/p>\n<h6> 2010-11-16 17:43:48 <\/h6>\n<p><!--\n<link rel=\"stylesheet\" href=\"css\/bootstrap.min.css\">\n\n\n<ul class=\"pagination\">\n\t    \n\t\n\n<li >\n\t<a href='?page_no=30583'>Previous<\/a>\n\t<\/li>\n\n\n       \n    \n\n<li><a href='?page_no=1'>1<\/a><\/li>\n\n\n\n<li><a href='?page_no=2'>2<\/a><\/li>\n\n\n\n<li><a>...<\/a><\/li>\n\n\n\n<li><a href='?page_no=30582'>30582<\/a><\/li>\n\n\n\n<li><a href='?page_no=30583'>30583<\/a><\/li>\n\n\n\n<li class='active'><a>30584<\/a><\/li>\n\n\n\n<li><a href='?page_no=30585'>30585<\/a><\/li>\n\n\n\n<li><a href='?page_no=30586'>30586<\/a><\/li>\n\n\n\n<li><a>...<\/a><\/li>\n\n\n\n<li><a href='?page_no=31963'>31963<\/a><\/li>\n\n\n\n<li><a href='?page_no=31964'>31964<\/a><\/li>\n\n    \n\t\n\n<li >\n\t<a href='?page_no=30585'>Next<\/a>\n\t<\/li>\n\n\n    \n\n<li><a href='?page_no=31964'>Last &rsaquo;&rsaquo;<\/a><\/li>\n\n<\/ul>\n\n\n--><br \/>\n<\/body><\/p>\n","protected":false},"excerpt":{"rendered":"<p>Santo Domingo, RD, 16 nov 2010.- Al menos 34 paises de la regi\u00f3n estar\u00e1n representados en la Segunda Reuni\u00f3n de Ministros y Altas Autoridades de Desarrollo Sostenible de los pa\u00edses miembros de la OEA, que sesionar\u00e1 en Santo Domingo entre \u00e9ste mi\u00e9rcoles y el viernes pr\u00f3ximo, en cuyo acto inaugural hablara el Presidente Leonel Fern\u00e1ndez. [&hellip;]<\/p>\n","protected":false},"author":3,"featured_media":0,"comment_status":"open","ping_status":"open","sticky":false,"template":"","format":"standard","meta":{"footnotes":""},"categories":[24],"tags":[],"class_list":["post-155416","post","type-post","status-publish","format-standard","hentry","category-justicia-y-derecho"],"_links":{"self":[{"href":"https:\/\/diariodominicano.com\/index.php?rest_route=\/wp\/v2\/posts\/155416","targetHints":{"allow":["GET"]}}],"collection":[{"href":"https:\/\/diariodominicano.com\/index.php?rest_route=\/wp\/v2\/posts"}],"about":[{"href":"https:\/\/diariodominicano.com\/index.php?rest_route=\/wp\/v2\/types\/post"}],"author":[{"embeddable":true,"href":"https:\/\/diariodominicano.com\/index.php?rest_route=\/wp\/v2\/users\/3"}],"replies":[{"embeddable":true,"href":"https:\/\/diariodominicano.com\/index.php?rest_route=%2Fwp%2Fv2%2Fcomments&post=155416"}],"version-history":[{"count":0,"href":"https:\/\/diariodominicano.com\/index.php?rest_route=\/wp\/v2\/posts\/155416\/revisions"}],"wp:attachment":[{"href":"https:\/\/diariodominicano.com\/index.php?rest_route=%2Fwp%2Fv2%2Fmedia&parent=155416"}],"wp:term":[{"taxonomy":"category","embeddable":true,"href":"https:\/\/diariodominicano.com\/index.php?rest_route=%2Fwp%2Fv2%2Fcategories&post=155416"},{"taxonomy":"post_tag","embeddable":true,"href":"https:\/\/diariodominicano.com\/index.php?rest_route=%2Fwp%2Fv2%2Ftags&post=155416"}],"curies":[{"name":"wp","href":"https:\/\/api.w.org\/{rel}","templated":true}]}}