{"id":155415,"date":"2010-11-16T17:50:40","date_gmt":"2010-11-16T17:50:40","guid":{"rendered":"http:\/\/diariodominicano.ddns.net\/?p=155415"},"modified":"2010-11-16T17:50:40","modified_gmt":"2010-11-16T17:50:40","slug":"conaleche-anuncia-seminario-sobre-industria-lechera-en-el-pais","status":"publish","type":"post","link":"https:\/\/diariodominicano.com\/?p=155415","title":{"rendered":"CONALECHE anuncia seminario sobre industria lechera en el pa\u00eds"},"content":{"rendered":"<p><body><\/p>\n<p><span class=\"text1noticias\">Santo Domingo, RD, 16 nov 2010.-  El Consejo Nacional para la Reglamentaci\u00f3n y Fomento de la Industria Lechera, CONALECHE, anunci\u00f3 la realizaci\u00f3n de un seminario sobre Experiencias en ganader\u00eda de leche tropical en Am\u00e9rica Latina.<\/span><\/p>\n<\/p>\n<p><span class=\"text1noticias\">Guarionex Gell, director ejecutivo de CONALECHE, al ofrecer la informaci\u00f3n dijo que el seminario se realizar\u00e1 este mi\u00e9rcoles 17, a partir de las 9 de la ma\u00f1ana en el Sal\u00f3n Gran Caribe, del Hotel V Centenario.<\/span><\/p>\n<\/p>\n<p><span class=\"text1noticias\">Agreg\u00f3 que  en la  actividad participaran un grupo de especialistas en mejoramiento bovino lechero de M\u00e9xico, Guatemala, Costa Rica y Brasil, encabezado por el mejorador brasile\u00f1o doctor  Iv\u00e1n Luz Ledic.<\/span><\/p>\n<\/p>\n<p><span class=\"text1noticias\">Gell inform\u00f3 que el objetivo del seminario es conocer las experiencias que han tenido varios pa\u00edses de Am\u00e9rica Latina con la introducci\u00f3n de razas lecheras tropicalizadas, como el Gyr Lechero y el Gyrholando, en el mejoramiento de las ganader\u00edas lecheras de sus pa\u00edses.<\/span><\/p>\n<p><span class=\"text1noticias\"> <\/span><\/p>\n<p><span class=\"text1noticias\">Expres\u00f3 que la actividad es un esfuerzo, adem\u00e1s,  del Instituto Dominicano de Investigaciones Agropecuarias y Forestales, IDIAF; el Consejo Nacional de Investigaciones Agropecuarias y<\/span><\/p>\n<p><span class=\"text1noticias\">Forestales, CONIAF; el Consejo Nacional de Producci\u00f3n Pecuaria, CONAPROPE y la Direcci\u00f3n General de Ganader\u00eda (DIGEGA) del Ministerio de Agricultura.<\/span><\/p>\n<p><span class=\"text1noticias\"> <\/span><\/p>\n<p><span class=\"text1noticias\">El doctor Ledic es mejorador de la famosas razas brasile\u00f1a Gyr y Gyr Holando.<\/span><\/p>\n<h6> 2010-11-16 17:50:40 <\/h6>\n<p><!--\n<link rel=\"stylesheet\" href=\"css\/bootstrap.min.css\">\n\n\n<ul class=\"pagination\">\n\t    \n\t\n\n<li >\n\t<a href='?page_no=30582'>Previous<\/a>\n\t<\/li>\n\n\n       \n    \n\n<li><a href='?page_no=1'>1<\/a><\/li>\n\n\n\n<li><a href='?page_no=2'>2<\/a><\/li>\n\n\n\n<li><a>...<\/a><\/li>\n\n\n\n<li><a href='?page_no=30581'>30581<\/a><\/li>\n\n\n\n<li><a href='?page_no=30582'>30582<\/a><\/li>\n\n\n\n<li class='active'><a>30583<\/a><\/li>\n\n\n\n<li><a href='?page_no=30584'>30584<\/a><\/li>\n\n\n\n<li><a href='?page_no=30585'>30585<\/a><\/li>\n\n\n\n<li><a>...<\/a><\/li>\n\n\n\n<li><a href='?page_no=31963'>31963<\/a><\/li>\n\n\n\n<li><a href='?page_no=31964'>31964<\/a><\/li>\n\n    \n\t\n\n<li >\n\t<a href='?page_no=30584'>Next<\/a>\n\t<\/li>\n\n\n    \n\n<li><a href='?page_no=31964'>Last &rsaquo;&rsaquo;<\/a><\/li>\n\n<\/ul>\n\n\n--><br \/>\n<\/body><\/p>\n","protected":false},"excerpt":{"rendered":"<p>Santo Domingo, RD, 16 nov 2010.- El Consejo Nacional para la Reglamentaci\u00f3n y Fomento de la Industria Lechera, CONALECHE, anunci\u00f3 la realizaci\u00f3n de un seminario sobre Experiencias en ganader\u00eda de leche tropical en Am\u00e9rica Latina. Guarionex Gell, director ejecutivo de CONALECHE, al ofrecer la informaci\u00f3n dijo que el seminario se realizar\u00e1 este mi\u00e9rcoles 17, a [&hellip;]<\/p>\n","protected":false},"author":3,"featured_media":0,"comment_status":"open","ping_status":"open","sticky":false,"template":"","format":"standard","meta":{"footnotes":""},"categories":[24],"tags":[],"class_list":["post-155415","post","type-post","status-publish","format-standard","hentry","category-justicia-y-derecho"],"_links":{"self":[{"href":"https:\/\/diariodominicano.com\/index.php?rest_route=\/wp\/v2\/posts\/155415","targetHints":{"allow":["GET"]}}],"collection":[{"href":"https:\/\/diariodominicano.com\/index.php?rest_route=\/wp\/v2\/posts"}],"about":[{"href":"https:\/\/diariodominicano.com\/index.php?rest_route=\/wp\/v2\/types\/post"}],"author":[{"embeddable":true,"href":"https:\/\/diariodominicano.com\/index.php?rest_route=\/wp\/v2\/users\/3"}],"replies":[{"embeddable":true,"href":"https:\/\/diariodominicano.com\/index.php?rest_route=%2Fwp%2Fv2%2Fcomments&post=155415"}],"version-history":[{"count":0,"href":"https:\/\/diariodominicano.com\/index.php?rest_route=\/wp\/v2\/posts\/155415\/revisions"}],"wp:attachment":[{"href":"https:\/\/diariodominicano.com\/index.php?rest_route=%2Fwp%2Fv2%2Fmedia&parent=155415"}],"wp:term":[{"taxonomy":"category","embeddable":true,"href":"https:\/\/diariodominicano.com\/index.php?rest_route=%2Fwp%2Fv2%2Fcategories&post=155415"},{"taxonomy":"post_tag","embeddable":true,"href":"https:\/\/diariodominicano.com\/index.php?rest_route=%2Fwp%2Fv2%2Ftags&post=155415"}],"curies":[{"name":"wp","href":"https:\/\/api.w.org\/{rel}","templated":true}]}}