{"id":155412,"date":"2010-11-16T19:36:24","date_gmt":"2010-11-16T19:36:24","guid":{"rendered":"http:\/\/diariodominicano.ddns.net\/?p=155412"},"modified":"2010-11-16T19:36:24","modified_gmt":"2010-11-16T19:36:24","slug":"muere-padre-de-abogado-frias-agramante","status":"publish","type":"post","link":"https:\/\/diariodominicano.com\/?p=155412","title":{"rendered":"Muere padre de abogado Fr\u00edas Agramante"},"content":{"rendered":"<p><body><\/p>\n<p><strong><span class=\"text1noticias\">COTUI.- <\/span><\/strong><span class=\"text1noticias\">El mun\u00edcipe Benito Fr\u00edas de Jes\u00fas, padre del doctor Humberto Fr\u00edas Agramonte, falleci\u00f3 en esta ciudad a la edad de 92 a\u00f1os, luego de padecer serios quebrantos de salud y sus restos ser\u00e1n sepultados esta tarde en el cementerio municipal.<\/span><\/p>\n<\/p>\n<p><span class=\"text1noticias\">Los restos de Fr\u00edas de Jes\u00fas son velados en la funeraria Las Mercedes de la ciudad de Cotu\u00ed, ubicada en la calle Hostos.<\/span><\/p>\n<\/p>\n<p><span class=\"text1noticias\">Las honras f\u00fanebres est\u00e1n programadas para las 4:00 de la tarde con una misa en la iglesia Inmaculada Concepci\u00f3n y el sepelio se realizar\u00e1 a las 5:00 de la tarde en el cementerio municipal.<\/span><\/p>\n<\/p>\n<p><span class=\"text1noticias\">A Fr\u00edas de Jes\u00fas desempe\u00f1\u00f3 varias funciones p\u00fablicas en la ciudad de Cotu\u00ed y les sobreviven sus hijos Humberto Fr\u00edas Agramonte, Jorge, Lucrecia, Cristina, Carmen, Magaly, Hilda, Melba, Bol\u00edvar, Benito Hijo, Edito, Griselda, Herpi Ram\u00f3n y Nergia.<\/span><\/p>\n<h6> 2010-11-16 19:36:24 <\/h6>\n<p><!--\n<link rel=\"stylesheet\" href=\"css\/bootstrap.min.css\">\n\n\n<ul class=\"pagination\">\n\t    \n\t\n\n<li >\n\t<a href='?page_no=30579'>Previous<\/a>\n\t<\/li>\n\n\n       \n    \n\n<li><a href='?page_no=1'>1<\/a><\/li>\n\n\n\n<li><a href='?page_no=2'>2<\/a><\/li>\n\n\n\n<li><a>...<\/a><\/li>\n\n\n\n<li><a href='?page_no=30578'>30578<\/a><\/li>\n\n\n\n<li><a href='?page_no=30579'>30579<\/a><\/li>\n\n\n\n<li class='active'><a>30580<\/a><\/li>\n\n\n\n<li><a href='?page_no=30581'>30581<\/a><\/li>\n\n\n\n<li><a href='?page_no=30582'>30582<\/a><\/li>\n\n\n\n<li><a>...<\/a><\/li>\n\n\n\n<li><a href='?page_no=31963'>31963<\/a><\/li>\n\n\n\n<li><a href='?page_no=31964'>31964<\/a><\/li>\n\n    \n\t\n\n<li >\n\t<a href='?page_no=30581'>Next<\/a>\n\t<\/li>\n\n\n    \n\n<li><a href='?page_no=31964'>Last &rsaquo;&rsaquo;<\/a><\/li>\n\n<\/ul>\n\n\n--><br \/>\n<\/body><\/p>\n","protected":false},"excerpt":{"rendered":"<p>COTUI.- El mun\u00edcipe Benito Fr\u00edas de Jes\u00fas, padre del doctor Humberto Fr\u00edas Agramonte, falleci\u00f3 en esta ciudad a la edad de 92 a\u00f1os, luego de padecer serios quebrantos de salud y sus restos ser\u00e1n sepultados esta tarde en el cementerio municipal. Los restos de Fr\u00edas de Jes\u00fas son velados en la funeraria Las Mercedes de [&hellip;]<\/p>\n","protected":false},"author":3,"featured_media":0,"comment_status":"open","ping_status":"open","sticky":false,"template":"","format":"standard","meta":{"footnotes":""},"categories":[24],"tags":[],"class_list":["post-155412","post","type-post","status-publish","format-standard","hentry","category-justicia-y-derecho"],"_links":{"self":[{"href":"https:\/\/diariodominicano.com\/index.php?rest_route=\/wp\/v2\/posts\/155412","targetHints":{"allow":["GET"]}}],"collection":[{"href":"https:\/\/diariodominicano.com\/index.php?rest_route=\/wp\/v2\/posts"}],"about":[{"href":"https:\/\/diariodominicano.com\/index.php?rest_route=\/wp\/v2\/types\/post"}],"author":[{"embeddable":true,"href":"https:\/\/diariodominicano.com\/index.php?rest_route=\/wp\/v2\/users\/3"}],"replies":[{"embeddable":true,"href":"https:\/\/diariodominicano.com\/index.php?rest_route=%2Fwp%2Fv2%2Fcomments&post=155412"}],"version-history":[{"count":0,"href":"https:\/\/diariodominicano.com\/index.php?rest_route=\/wp\/v2\/posts\/155412\/revisions"}],"wp:attachment":[{"href":"https:\/\/diariodominicano.com\/index.php?rest_route=%2Fwp%2Fv2%2Fmedia&parent=155412"}],"wp:term":[{"taxonomy":"category","embeddable":true,"href":"https:\/\/diariodominicano.com\/index.php?rest_route=%2Fwp%2Fv2%2Fcategories&post=155412"},{"taxonomy":"post_tag","embeddable":true,"href":"https:\/\/diariodominicano.com\/index.php?rest_route=%2Fwp%2Fv2%2Ftags&post=155412"}],"curies":[{"name":"wp","href":"https:\/\/api.w.org\/{rel}","templated":true}]}}