{"id":155411,"date":"2010-11-16T20:38:09","date_gmt":"2010-11-16T20:38:09","guid":{"rendered":"http:\/\/diariodominicano.ddns.net\/?p=155411"},"modified":"2010-11-16T20:38:09","modified_gmt":"2010-11-16T20:38:09","slug":"presidente-fernandez-pone-en-servicio-un-conjunto-de-obras-en-la-region-sur-por-un-monto-de-706-millones-de-pesos","status":"publish","type":"post","link":"https:\/\/diariodominicano.com\/?p=155411","title":{"rendered":"&#13;Presidente Fern\u00e1ndez pone en servicio un conjunto de obras en la regi\u00f3n Sur  por un monto de 706 millones de pesos"},"content":{"rendered":"<p><body><\/p>\n<p><img decoding=\"async\" src=\"http:\/\/localhost:8080\/justiciayderecho\/img3\/foto palmarejo 014.JPG\" \/>  <\/p>\n<p><span class=\"text1noticias\"> <\/span><\/p>\n<p><span class=\"text1noticias\">Por  Roberto Rodr\u00edguez <\/span><\/p>\n<p><span class=\"text1noticias\"> <\/span><\/p>\n<p><span class=\"text1noticias\">Azua.- El presidente de la Republica, doctor Leonel Fern\u00e1ndez dej\u00f3 inaugurada en la provincia de Azua un conjunto de obras valoradas en m\u00e1s de 706 millones  de pesos  que beneficiar\u00e1n las nueve provincias que componen la regi\u00f3n Sur del pa\u00eds.<\/span><\/p>\n<\/p>\n<p><span class=\"text1noticias\">Durante un acto desarrollado en la provincia de Azua,  el gobernante puso en servicio 33   escuelas, los acueductos de varias provincias del Sur, las carreteras, los  puentes, y el  complejo habitacional, entre otras obras.<\/span><\/p>\n<\/p>\n<p><span class=\"text1noticias\">Fern\u00e1ndez dej\u00f3 inaugurado el proyecto habitacional Villas Palmarejo, ubicado en Azua, que cuenta con 101 casas para igual n\u00famero de familias damnificadas tras el paso del cicl\u00f3n George, construidas a un costo de 74 millones 321 mil 527 pesos. <\/span><\/p>\n<\/p>\n<p><span class=\"text1noticias\">Tambi\u00e9n dej\u00f3 inaugurados varios acueductos que beneficiar\u00e1n a los residentes en Azua, Peravia, Barahona, Bahoruco, San Jos\u00e9 de Ocoa y El\u00edas Pina, a un costo superior a los 415 millones de pesos.<\/span><\/p>\n<\/p>\n<p><span class=\"text1noticias\">Asimismo, dej\u00f3 en funcionamiento 33 escuelas construidas a un costo de 169 millones; la electrificaci\u00f3n de la comunidad de Parmarejo, un play, un puente y la construcci\u00f3n de la carretera Azua-Pueblo Viejo por un monto global de 19 millones de pesos.<\/span><\/p>\n<p><span class=\"text1noticias\"> <\/span><\/p>\n<p><span class=\"text1noticias\">En el acto de inauguraci\u00f3n de las obras de infraestructura estuvieron presente la directora del Instituto Nacional de la Vivienda , licenciada Maritza L\u00f3pez , el senador por la provincia de Azua, Rafael Calder\u00f3n y el ingeniero Mariano Germ\u00e1n , director del Instituto Nacional de Agua Potable y Alcantarrillado, entre otras autoridades de las provincias del Sur.<\/span><\/p>\n<\/p>\n<h6> 2010-11-16 20:38:09 <\/h6>\n<p><!--\n<link rel=\"stylesheet\" href=\"css\/bootstrap.min.css\">\n\n\n<ul class=\"pagination\">\n\t    \n\t\n\n<li >\n\t<a href='?page_no=30578'>Previous<\/a>\n\t<\/li>\n\n\n       \n    \n\n<li><a href='?page_no=1'>1<\/a><\/li>\n\n\n\n<li><a href='?page_no=2'>2<\/a><\/li>\n\n\n\n<li><a>...<\/a><\/li>\n\n\n\n<li><a href='?page_no=30577'>30577<\/a><\/li>\n\n\n\n<li><a href='?page_no=30578'>30578<\/a><\/li>\n\n\n\n<li class='active'><a>30579<\/a><\/li>\n\n\n\n<li><a href='?page_no=30580'>30580<\/a><\/li>\n\n\n\n<li><a href='?page_no=30581'>30581<\/a><\/li>\n\n\n\n<li><a>...<\/a><\/li>\n\n\n\n<li><a href='?page_no=31963'>31963<\/a><\/li>\n\n\n\n<li><a href='?page_no=31964'>31964<\/a><\/li>\n\n    \n\t\n\n<li >\n\t<a href='?page_no=30580'>Next<\/a>\n\t<\/li>\n\n\n    \n\n<li><a href='?page_no=31964'>Last &rsaquo;&rsaquo;<\/a><\/li>\n\n<\/ul>\n\n\n--><br \/>\n<\/body><\/p>\n","protected":false},"excerpt":{"rendered":"<p>Por Roberto Rodr\u00edguez Azua.- El presidente de la Republica, doctor Leonel Fern\u00e1ndez dej\u00f3 inaugurada en la provincia de Azua un conjunto de obras valoradas en m\u00e1s de 706 millones de pesos que beneficiar\u00e1n las nueve provincias que componen la regi\u00f3n Sur del pa\u00eds. Durante un acto desarrollado en la provincia de Azua, el gobernante puso [&hellip;]<\/p>\n","protected":false},"author":3,"featured_media":0,"comment_status":"open","ping_status":"open","sticky":false,"template":"","format":"standard","meta":{"footnotes":""},"categories":[24],"tags":[],"class_list":["post-155411","post","type-post","status-publish","format-standard","hentry","category-justicia-y-derecho"],"_links":{"self":[{"href":"https:\/\/diariodominicano.com\/index.php?rest_route=\/wp\/v2\/posts\/155411","targetHints":{"allow":["GET"]}}],"collection":[{"href":"https:\/\/diariodominicano.com\/index.php?rest_route=\/wp\/v2\/posts"}],"about":[{"href":"https:\/\/diariodominicano.com\/index.php?rest_route=\/wp\/v2\/types\/post"}],"author":[{"embeddable":true,"href":"https:\/\/diariodominicano.com\/index.php?rest_route=\/wp\/v2\/users\/3"}],"replies":[{"embeddable":true,"href":"https:\/\/diariodominicano.com\/index.php?rest_route=%2Fwp%2Fv2%2Fcomments&post=155411"}],"version-history":[{"count":0,"href":"https:\/\/diariodominicano.com\/index.php?rest_route=\/wp\/v2\/posts\/155411\/revisions"}],"wp:attachment":[{"href":"https:\/\/diariodominicano.com\/index.php?rest_route=%2Fwp%2Fv2%2Fmedia&parent=155411"}],"wp:term":[{"taxonomy":"category","embeddable":true,"href":"https:\/\/diariodominicano.com\/index.php?rest_route=%2Fwp%2Fv2%2Fcategories&post=155411"},{"taxonomy":"post_tag","embeddable":true,"href":"https:\/\/diariodominicano.com\/index.php?rest_route=%2Fwp%2Fv2%2Ftags&post=155411"}],"curies":[{"name":"wp","href":"https:\/\/api.w.org\/{rel}","templated":true}]}}