{"id":155410,"date":"2010-11-16T21:11:34","date_gmt":"2010-11-16T21:11:34","guid":{"rendered":"http:\/\/diariodominicano.ddns.net\/?p=155410"},"modified":"2010-11-16T21:11:34","modified_gmt":"2010-11-16T21:11:34","slug":"presidente-fernandez-inagurara-elevado-john-f-kennedy-este-viernes","status":"publish","type":"post","link":"https:\/\/diariodominicano.com\/?p=155410","title":{"rendered":"Presidente Fern\u00e1ndez inagurar\u00e1 elevado John F. Kennedy, este viernes"},"content":{"rendered":"<p><body><\/p>\n<p><span class=\"text1noticias\">Santo Domingo.-El Ministerio de Obras P\u00fablicas anunci\u00f3 para este viernes la inauguraci\u00f3n del elevado de la avenida John F. Kennedy con Doctor Defill\u00f3.<\/span><\/p>\n<\/p>\n<p><span class=\"text1noticias\">La inauguraci\u00f3n se realizar\u00e1 con la presencia del presidente de la Rep\u00fablica, Leonel Fern\u00e1ndez Reyna, anunci\u00f3 Obras P\u00fablicas.<\/span><\/p>\n<\/p>\n<p><span class=\"text1noticias\">La actividad se efectuar\u00e1 en el mismo elevado, a partir de las 5:00 de la tarde de este viernes 19 de noviembre.<\/span><\/p>\n<\/p>\n<p><span class=\"text1noticias\">Las obras del Metro de Santo Domingo en la avenida John F. Kenndy han trastornado el tr\u00e1nsito por esa v\u00eda y zonas aleda\u00f1as.<\/span><\/p>\n<\/p>\n<p><span class=\"text1noticias\">Con la inauguraci\u00f3n de esta obra vial sobre la John F. Kennedy, se espera que el tr\u00e1nsito mejore en la zona.<\/span><\/p>\n<\/p>\n<h6> 2010-11-16 21:11:34 <\/h6>\n<p><!--\n<link rel=\"stylesheet\" href=\"css\/bootstrap.min.css\">\n\n\n<ul class=\"pagination\">\n\t    \n\t\n\n<li >\n\t<a href='?page_no=30577'>Previous<\/a>\n\t<\/li>\n\n\n       \n    \n\n<li><a href='?page_no=1'>1<\/a><\/li>\n\n\n\n<li><a href='?page_no=2'>2<\/a><\/li>\n\n\n\n<li><a>...<\/a><\/li>\n\n\n\n<li><a href='?page_no=30576'>30576<\/a><\/li>\n\n\n\n<li><a href='?page_no=30577'>30577<\/a><\/li>\n\n\n\n<li class='active'><a>30578<\/a><\/li>\n\n\n\n<li><a href='?page_no=30579'>30579<\/a><\/li>\n\n\n\n<li><a href='?page_no=30580'>30580<\/a><\/li>\n\n\n\n<li><a>...<\/a><\/li>\n\n\n\n<li><a href='?page_no=31963'>31963<\/a><\/li>\n\n\n\n<li><a href='?page_no=31964'>31964<\/a><\/li>\n\n    \n\t\n\n<li >\n\t<a href='?page_no=30579'>Next<\/a>\n\t<\/li>\n\n\n    \n\n<li><a href='?page_no=31964'>Last &rsaquo;&rsaquo;<\/a><\/li>\n\n<\/ul>\n\n\n--><br \/>\n<\/body><\/p>\n","protected":false},"excerpt":{"rendered":"<p>Santo Domingo.-El Ministerio de Obras P\u00fablicas anunci\u00f3 para este viernes la inauguraci\u00f3n del elevado de la avenida John F. Kennedy con Doctor Defill\u00f3. La inauguraci\u00f3n se realizar\u00e1 con la presencia del presidente de la Rep\u00fablica, Leonel Fern\u00e1ndez Reyna, anunci\u00f3 Obras P\u00fablicas. La actividad se efectuar\u00e1 en el mismo elevado, a partir de las 5:00 de [&hellip;]<\/p>\n","protected":false},"author":3,"featured_media":0,"comment_status":"open","ping_status":"open","sticky":false,"template":"","format":"standard","meta":{"footnotes":""},"categories":[24],"tags":[],"class_list":["post-155410","post","type-post","status-publish","format-standard","hentry","category-justicia-y-derecho"],"_links":{"self":[{"href":"https:\/\/diariodominicano.com\/index.php?rest_route=\/wp\/v2\/posts\/155410","targetHints":{"allow":["GET"]}}],"collection":[{"href":"https:\/\/diariodominicano.com\/index.php?rest_route=\/wp\/v2\/posts"}],"about":[{"href":"https:\/\/diariodominicano.com\/index.php?rest_route=\/wp\/v2\/types\/post"}],"author":[{"embeddable":true,"href":"https:\/\/diariodominicano.com\/index.php?rest_route=\/wp\/v2\/users\/3"}],"replies":[{"embeddable":true,"href":"https:\/\/diariodominicano.com\/index.php?rest_route=%2Fwp%2Fv2%2Fcomments&post=155410"}],"version-history":[{"count":0,"href":"https:\/\/diariodominicano.com\/index.php?rest_route=\/wp\/v2\/posts\/155410\/revisions"}],"wp:attachment":[{"href":"https:\/\/diariodominicano.com\/index.php?rest_route=%2Fwp%2Fv2%2Fmedia&parent=155410"}],"wp:term":[{"taxonomy":"category","embeddable":true,"href":"https:\/\/diariodominicano.com\/index.php?rest_route=%2Fwp%2Fv2%2Fcategories&post=155410"},{"taxonomy":"post_tag","embeddable":true,"href":"https:\/\/diariodominicano.com\/index.php?rest_route=%2Fwp%2Fv2%2Ftags&post=155410"}],"curies":[{"name":"wp","href":"https:\/\/api.w.org\/{rel}","templated":true}]}}