{"id":155409,"date":"2010-11-16T21:16:00","date_gmt":"2010-11-16T21:16:00","guid":{"rendered":"http:\/\/diariodominicano.ddns.net\/?p=155409"},"modified":"2010-11-16T21:16:00","modified_gmt":"2010-11-16T21:16:00","slug":"fiscalia-pedira-prision-preventiva-contra-jimmy-bauer","status":"publish","type":"post","link":"https:\/\/diariodominicano.com\/?p=155409","title":{"rendered":"Fiscal\u00eda pedir\u00e1 prisi\u00f3n preventiva contra Jimmy Bauer"},"content":{"rendered":"<p><body><\/p>\n<\/p>\n<p><span class=\"text1noticias\">SANTO DOMINGO.- La Fiscal\u00eda de la provincia de Santo Domingo solicitar\u00e1 medida de coerci\u00f3n consistente en prisi\u00f3n preventiva en contra del bachatero Jimmy Bauer.<\/span><\/p>\n<\/p>\n<p><span class=\"text1noticias\">El fiscal Perfecto Acosta tiene lista la instancia para apoderar a la jueza coordinadora del Juzgado de la Instrucci\u00f3n a los fines de que se conozca la petici\u00f3n en contra del artista.<\/span><\/p>\n<\/p>\n<p><span class=\"text1noticias\">Bauer deber\u00e1 ser trasladado al Tribunal de Atenci\u00f3n Permanente, donde un juez conocer\u00e1 la medida de coerci\u00f3n en su contra. <\/span><\/p>\n<\/p>\n<p><span class=\"text1noticias\">El 1ro de noviembre el cantante, cuyo verdadero nombre es Jaime Vargas, fue apresado con el est\u00f3mago repleto de drogas cuando se dispon\u00eda a viajar hacia Nueva York desde el Aeropuerto Internacional Las Am\u00e9ricas (AILA).<\/span><\/p>\n<\/p>\n<p><span class=\"text1noticias\">Una de las bolsitas de droga que llevaba se le revent\u00f3 dentro del est\u00f3mago, por lo que fue llevado al Hospital Central de la Fuerzas Armadas para la expulsi\u00f3n de las drogas y los cuidados m\u00e9dicos necesarios.<\/span><\/p>\n<\/p>\n<p><span class=\"text1noticias\">El se desmay\u00f3 cuando era conducido detenido en una silla de ruedas a la sede de la Direcci\u00f3n Nacional de Control de Drogas (DNCD) desde el aeropuerto. <\/span><\/p>\n<\/p>\n<h6> 2010-11-16 21:16:00 <\/h6>\n<p><!--\n<link rel=\"stylesheet\" href=\"css\/bootstrap.min.css\">\n\n\n<ul class=\"pagination\">\n\t    \n\t\n\n<li >\n\t<a href='?page_no=30576'>Previous<\/a>\n\t<\/li>\n\n\n       \n    \n\n<li><a href='?page_no=1'>1<\/a><\/li>\n\n\n\n<li><a href='?page_no=2'>2<\/a><\/li>\n\n\n\n<li><a>...<\/a><\/li>\n\n\n\n<li><a href='?page_no=30575'>30575<\/a><\/li>\n\n\n\n<li><a href='?page_no=30576'>30576<\/a><\/li>\n\n\n\n<li class='active'><a>30577<\/a><\/li>\n\n\n\n<li><a href='?page_no=30578'>30578<\/a><\/li>\n\n\n\n<li><a href='?page_no=30579'>30579<\/a><\/li>\n\n\n\n<li><a>...<\/a><\/li>\n\n\n\n<li><a href='?page_no=31963'>31963<\/a><\/li>\n\n\n\n<li><a href='?page_no=31964'>31964<\/a><\/li>\n\n    \n\t\n\n<li >\n\t<a href='?page_no=30578'>Next<\/a>\n\t<\/li>\n\n\n    \n\n<li><a href='?page_no=31964'>Last &rsaquo;&rsaquo;<\/a><\/li>\n\n<\/ul>\n\n\n--><br \/>\n<\/body><\/p>\n","protected":false},"excerpt":{"rendered":"<p>SANTO DOMINGO.- La Fiscal\u00eda de la provincia de Santo Domingo solicitar\u00e1 medida de coerci\u00f3n consistente en prisi\u00f3n preventiva en contra del bachatero Jimmy Bauer. El fiscal Perfecto Acosta tiene lista la instancia para apoderar a la jueza coordinadora del Juzgado de la Instrucci\u00f3n a los fines de que se conozca la petici\u00f3n en contra del [&hellip;]<\/p>\n","protected":false},"author":3,"featured_media":0,"comment_status":"open","ping_status":"open","sticky":false,"template":"","format":"standard","meta":{"footnotes":""},"categories":[24],"tags":[],"class_list":["post-155409","post","type-post","status-publish","format-standard","hentry","category-justicia-y-derecho"],"_links":{"self":[{"href":"https:\/\/diariodominicano.com\/index.php?rest_route=\/wp\/v2\/posts\/155409","targetHints":{"allow":["GET"]}}],"collection":[{"href":"https:\/\/diariodominicano.com\/index.php?rest_route=\/wp\/v2\/posts"}],"about":[{"href":"https:\/\/diariodominicano.com\/index.php?rest_route=\/wp\/v2\/types\/post"}],"author":[{"embeddable":true,"href":"https:\/\/diariodominicano.com\/index.php?rest_route=\/wp\/v2\/users\/3"}],"replies":[{"embeddable":true,"href":"https:\/\/diariodominicano.com\/index.php?rest_route=%2Fwp%2Fv2%2Fcomments&post=155409"}],"version-history":[{"count":0,"href":"https:\/\/diariodominicano.com\/index.php?rest_route=\/wp\/v2\/posts\/155409\/revisions"}],"wp:attachment":[{"href":"https:\/\/diariodominicano.com\/index.php?rest_route=%2Fwp%2Fv2%2Fmedia&parent=155409"}],"wp:term":[{"taxonomy":"category","embeddable":true,"href":"https:\/\/diariodominicano.com\/index.php?rest_route=%2Fwp%2Fv2%2Fcategories&post=155409"},{"taxonomy":"post_tag","embeddable":true,"href":"https:\/\/diariodominicano.com\/index.php?rest_route=%2Fwp%2Fv2%2Ftags&post=155409"}],"curies":[{"name":"wp","href":"https:\/\/api.w.org\/{rel}","templated":true}]}}