{"id":155408,"date":"2010-11-16T21:39:57","date_gmt":"2010-11-16T21:39:57","guid":{"rendered":"http:\/\/diariodominicano.ddns.net\/?p=155408"},"modified":"2010-11-16T21:39:57","modified_gmt":"2010-11-16T21:39:57","slug":"procurador-propondra-acumulacion-de-penas","status":"publish","type":"post","link":"https:\/\/diariodominicano.com\/?p=155408","title":{"rendered":"Procurador propondr\u00e1 acumulaci\u00f3n de penas"},"content":{"rendered":"<p><body><\/p>\n<p><span class=\"text1noticias\">Santo Domingo.-El Procurador general de la Rep\u00fablica abog\u00f3 este lunes porque en la Rep\u00fablica Dominicana se establezca el c\u00famulo de penas y el establecimiento de  un marco legal para establecer penas severas en casos de sicariato.<\/span><\/p>\n<\/p>\n<p><span class=\"text1noticias\">Radham\u00e9s Jim\u00e9nez Pe\u00f1a sostuvo que en la modificaci\u00f3n del C\u00f3digo Penal dominicano que est\u00e1 pendiente en el Congreso, se debe establecer el c\u00famulo de pena para las personas que se encuentran recluidas en un recinto carcelario que cometan o manden a cometer delitos graves.<\/span><\/p>\n<\/p>\n<p><span class=\"text1noticias\">El Procurador hizo el planteamiento ante la vinculaci\u00f3n del empresario cibae\u00f1o Adriano Rom\u00e1n, quien guarda prisi\u00f3n en la c\u00e1rcel de Rafey, condenado a 20 a\u00f1os por el intento de asesinato que presuntamente pag\u00f3 a sicarios para asesinar al abogado Jordi Veras.<\/span><\/p>\n<\/p>\n<p><span class=\"text1noticias\">El jefe del Ministerio P\u00fablico sostuvo que ante situaciones de hechos criminales y las acusaciones hechas al imputado Rom\u00e1n, entiende que persona como esta no tienen que salir de las c\u00e1rceles.<\/span><\/p>\n<\/p>\n<p><span class=\"text1noticias\">Por otro lado, Jim\u00e9nez Pe\u00f1a dijo que propondr\u00e1 dentro del Consejo de Seguridad, que lleva a cabo el gobierno, el desmantelamiento de supuestas compa\u00f1\u00edas de detectives privados y el sometimiento a la acci\u00f3n de la justicia de las personas que se dedican a ese tipo de actividad.<\/span><\/p>\n<\/p>\n<p><span class=\"text1noticias\">?Yo voy a proponer en las pr\u00f3ximas reuniones que procedamos inmediatamente a desarticular y a someter a la acci\u00f3n de la justicia a ese tipo de persona que se dedican a esa actividad?, adujo Jim\u00e9nez Pe\u00f1a.<\/span><\/p>\n<\/p>\n<p><span class=\"text1noticias\">Mostr\u00f3 preocupaci\u00f3n ante el hecho de que militares y polic\u00edas se vean involucrados en hechos delictivos.<\/span><\/p>\n<\/p>\n<p><span class=\"text1noticias\">A su entender, debe profundizarse la profilaxis dentro de los organismos castrenses y policiales, a fin de evitar la incursi\u00f3n de sus miembros en hechos que atentan contra la buena moral.<\/span><\/p>\n<\/p>\n<p><span class=\"text1noticias\">En torno a una supuesta grabaci\u00f3n que el abogado Carlos Balc\u00e1cer llevara a Adriano Rom\u00e1n de parte de Francisco Carela Castro, Jim\u00e9nez Pe\u00f1a dijo que no tiene los detalles de c\u00f3mo lleg\u00f3 la misma y record\u00f3 que el letrado es abogado del imputado.<\/span><\/p>\n<\/p>\n<p><span class=\"text1noticias\">Dijo que pueda ser que la grabaci\u00f3n fuera enviada a trav\u00e9s del jurista en forma de chantaje y extorsi\u00f3n por parte de los sicarios que hicieron el trabajo, pero que esto no compromete la responsabilidad penal de Carlos Balc\u00e1cer como profesional del derecho.<\/span><\/p>\n<\/p>\n<h6> 2010-11-16 21:39:57 <\/h6>\n<p><!--\n<link rel=\"stylesheet\" href=\"css\/bootstrap.min.css\">\n\n\n<ul class=\"pagination\">\n\t    \n\t\n\n<li >\n\t<a href='?page_no=30575'>Previous<\/a>\n\t<\/li>\n\n\n       \n    \n\n<li><a href='?page_no=1'>1<\/a><\/li>\n\n\n\n<li><a href='?page_no=2'>2<\/a><\/li>\n\n\n\n<li><a>...<\/a><\/li>\n\n\n\n<li><a href='?page_no=30574'>30574<\/a><\/li>\n\n\n\n<li><a href='?page_no=30575'>30575<\/a><\/li>\n\n\n\n<li class='active'><a>30576<\/a><\/li>\n\n\n\n<li><a href='?page_no=30577'>30577<\/a><\/li>\n\n\n\n<li><a href='?page_no=30578'>30578<\/a><\/li>\n\n\n\n<li><a>...<\/a><\/li>\n\n\n\n<li><a href='?page_no=31963'>31963<\/a><\/li>\n\n\n\n<li><a href='?page_no=31964'>31964<\/a><\/li>\n\n    \n\t\n\n<li >\n\t<a href='?page_no=30577'>Next<\/a>\n\t<\/li>\n\n\n    \n\n<li><a href='?page_no=31964'>Last &rsaquo;&rsaquo;<\/a><\/li>\n\n<\/ul>\n\n\n--><br \/>\n<\/body><\/p>\n","protected":false},"excerpt":{"rendered":"<p>Santo Domingo.-El Procurador general de la Rep\u00fablica abog\u00f3 este lunes porque en la Rep\u00fablica Dominicana se establezca el c\u00famulo de penas y el establecimiento de un marco legal para establecer penas severas en casos de sicariato. Radham\u00e9s Jim\u00e9nez Pe\u00f1a sostuvo que en la modificaci\u00f3n del C\u00f3digo Penal dominicano que est\u00e1 pendiente en el Congreso, se [&hellip;]<\/p>\n","protected":false},"author":3,"featured_media":0,"comment_status":"open","ping_status":"open","sticky":false,"template":"","format":"standard","meta":{"footnotes":""},"categories":[24],"tags":[],"class_list":["post-155408","post","type-post","status-publish","format-standard","hentry","category-justicia-y-derecho"],"_links":{"self":[{"href":"https:\/\/diariodominicano.com\/index.php?rest_route=\/wp\/v2\/posts\/155408","targetHints":{"allow":["GET"]}}],"collection":[{"href":"https:\/\/diariodominicano.com\/index.php?rest_route=\/wp\/v2\/posts"}],"about":[{"href":"https:\/\/diariodominicano.com\/index.php?rest_route=\/wp\/v2\/types\/post"}],"author":[{"embeddable":true,"href":"https:\/\/diariodominicano.com\/index.php?rest_route=\/wp\/v2\/users\/3"}],"replies":[{"embeddable":true,"href":"https:\/\/diariodominicano.com\/index.php?rest_route=%2Fwp%2Fv2%2Fcomments&post=155408"}],"version-history":[{"count":0,"href":"https:\/\/diariodominicano.com\/index.php?rest_route=\/wp\/v2\/posts\/155408\/revisions"}],"wp:attachment":[{"href":"https:\/\/diariodominicano.com\/index.php?rest_route=%2Fwp%2Fv2%2Fmedia&parent=155408"}],"wp:term":[{"taxonomy":"category","embeddable":true,"href":"https:\/\/diariodominicano.com\/index.php?rest_route=%2Fwp%2Fv2%2Fcategories&post=155408"},{"taxonomy":"post_tag","embeddable":true,"href":"https:\/\/diariodominicano.com\/index.php?rest_route=%2Fwp%2Fv2%2Ftags&post=155408"}],"curies":[{"name":"wp","href":"https:\/\/api.w.org\/{rel}","templated":true}]}}