{"id":155407,"date":"2010-11-16T22:56:35","date_gmt":"2010-11-16T22:56:35","guid":{"rendered":"http:\/\/diariodominicano.ddns.net\/?p=155407"},"modified":"2010-11-16T22:56:35","modified_gmt":"2010-11-16T22:56:35","slug":"danilo-dice-reeleccion-es-tema-hipotetico-leonel-es-lider-y-presidente-pld","status":"publish","type":"post","link":"https:\/\/diariodominicano.com\/?p=155407","title":{"rendered":"Danilo dice Reelecci\u00f3n es tema hipot\u00e9tico; \u00abLeonel es l\u00edder y presidente PLD\u00bb"},"content":{"rendered":"<p><body><\/p>\n<p><img decoding=\"async\" src=\"http:\/\/localhost:8080\/justiciayderecho\/img3\/danilo medina2.jpg\" \/>  <\/p>\n<\/p>\n<p><span class=\"text1noticias\">Santo Domingo.-El precandidato presidencial Danilo Medina asegur\u00f3 que la reelecci\u00f3n presidencial es un tema hipot\u00e9tico en estos momentos y  asegur\u00f3 que Leonel Fern\u00e1ndez es el presidente y l\u00edder del Partido de la Liberaci\u00f3n Dominicana (PLD).<\/span><\/p>\n<p><span class=\"text1noticias\"> <\/span><\/p>\n<p><span class=\"text1noticias\">Expres\u00f3 que se reuni\u00f3 con el Presidente Fern\u00e1ndez  el pasado lunes 8 en el apartamento de \u00e9ste, para tratar temas pol\u00edticos como los trata cada vez que se re\u00fane el Comit\u00e9 Pol\u00edtico del PLD.<\/span><\/p>\n<p><span class=\"text1noticias\"> <\/span><\/p>\n<p><span class=\"text1noticias\">Dijo que no se refiri\u00f3 a la reuni\u00f3n porque aprendi\u00f3 de Juan Bosch que cuando \u00abdos l\u00edderes pol\u00edticos se juntan el de mayor jerarqu\u00eda es el que habla\u00bb.<\/span><\/p>\n<p><span class=\"text1noticias\"> <\/span><\/p>\n<p><span class=\"text1noticias\">Expuso que el presidente es el l\u00edder y presidente del partido y en su condici\u00f3n de presidente cada vez que tenemos algo interno qu\u00e9 tratar nos juntamos, la nuestra fue una reuni\u00f3n m\u00e1s, que no la pueden ver con sorpresa como si fuesen dos contrarios que hicieron un paro en su rivalidad y entonces se juntaron a negociar?.<\/span><\/p>\n<p><span class=\"text1noticias\"> <\/span><\/p>\n<p><span class=\"text1noticias\">Indic\u00f3 que trat\u00f3 con Fern\u00e1ndez diversos puntos sobre pol\u00edtica \u00abhablamos ni de Escogido ni de Licey, ni hablamos de gobierno, ni econom\u00eda, hablamos del presente y hablamos del futuro\u00bb.<\/span><\/p>\n<\/p>\n<h6> 2010-11-16 22:56:35 <\/h6>\n<p><!--\n<link rel=\"stylesheet\" href=\"css\/bootstrap.min.css\">\n\n\n<ul class=\"pagination\">\n\t    \n\t\n\n<li >\n\t<a href='?page_no=30574'>Previous<\/a>\n\t<\/li>\n\n\n       \n    \n\n<li><a href='?page_no=1'>1<\/a><\/li>\n\n\n\n<li><a href='?page_no=2'>2<\/a><\/li>\n\n\n\n<li><a>...<\/a><\/li>\n\n\n\n<li><a href='?page_no=30573'>30573<\/a><\/li>\n\n\n\n<li><a href='?page_no=30574'>30574<\/a><\/li>\n\n\n\n<li class='active'><a>30575<\/a><\/li>\n\n\n\n<li><a href='?page_no=30576'>30576<\/a><\/li>\n\n\n\n<li><a href='?page_no=30577'>30577<\/a><\/li>\n\n\n\n<li><a>...<\/a><\/li>\n\n\n\n<li><a href='?page_no=31963'>31963<\/a><\/li>\n\n\n\n<li><a href='?page_no=31964'>31964<\/a><\/li>\n\n    \n\t\n\n<li >\n\t<a href='?page_no=30576'>Next<\/a>\n\t<\/li>\n\n\n    \n\n<li><a href='?page_no=31964'>Last &rsaquo;&rsaquo;<\/a><\/li>\n\n<\/ul>\n\n\n--><br \/>\n<\/body><\/p>\n","protected":false},"excerpt":{"rendered":"<p>Santo Domingo.-El precandidato presidencial Danilo Medina asegur\u00f3 que la reelecci\u00f3n presidencial es un tema hipot\u00e9tico en estos momentos y asegur\u00f3 que Leonel Fern\u00e1ndez es el presidente y l\u00edder del Partido de la Liberaci\u00f3n Dominicana (PLD). Expres\u00f3 que se reuni\u00f3 con el Presidente Fern\u00e1ndez el pasado lunes 8 en el apartamento de \u00e9ste, para tratar temas [&hellip;]<\/p>\n","protected":false},"author":3,"featured_media":0,"comment_status":"open","ping_status":"open","sticky":false,"template":"","format":"standard","meta":{"footnotes":""},"categories":[24],"tags":[],"class_list":["post-155407","post","type-post","status-publish","format-standard","hentry","category-justicia-y-derecho"],"_links":{"self":[{"href":"https:\/\/diariodominicano.com\/index.php?rest_route=\/wp\/v2\/posts\/155407","targetHints":{"allow":["GET"]}}],"collection":[{"href":"https:\/\/diariodominicano.com\/index.php?rest_route=\/wp\/v2\/posts"}],"about":[{"href":"https:\/\/diariodominicano.com\/index.php?rest_route=\/wp\/v2\/types\/post"}],"author":[{"embeddable":true,"href":"https:\/\/diariodominicano.com\/index.php?rest_route=\/wp\/v2\/users\/3"}],"replies":[{"embeddable":true,"href":"https:\/\/diariodominicano.com\/index.php?rest_route=%2Fwp%2Fv2%2Fcomments&post=155407"}],"version-history":[{"count":0,"href":"https:\/\/diariodominicano.com\/index.php?rest_route=\/wp\/v2\/posts\/155407\/revisions"}],"wp:attachment":[{"href":"https:\/\/diariodominicano.com\/index.php?rest_route=%2Fwp%2Fv2%2Fmedia&parent=155407"}],"wp:term":[{"taxonomy":"category","embeddable":true,"href":"https:\/\/diariodominicano.com\/index.php?rest_route=%2Fwp%2Fv2%2Fcategories&post=155407"},{"taxonomy":"post_tag","embeddable":true,"href":"https:\/\/diariodominicano.com\/index.php?rest_route=%2Fwp%2Fv2%2Ftags&post=155407"}],"curies":[{"name":"wp","href":"https:\/\/api.w.org\/{rel}","templated":true}]}}