{"id":155406,"date":"2010-11-16T22:59:11","date_gmt":"2010-11-16T22:59:11","guid":{"rendered":"http:\/\/diariodominicano.ddns.net\/?p=155406"},"modified":"2010-11-16T22:59:11","modified_gmt":"2010-11-16T22:59:11","slug":"un-haitiano-enfermo-de-colera-en-higuey","status":"publish","type":"post","link":"https:\/\/diariodominicano.com\/?p=155406","title":{"rendered":"Un haitiano enfermo de c\u00f3lera en  Higuey"},"content":{"rendered":"<p><body><\/p>\n<p><img decoding=\"async\" src=\"http:\/\/localhost:8080\/justiciayderecho\/img3\/haitiano colera.jpg\" \/>  <\/p>\n<\/p>\n<\/p>\n<p><span class=\"text1noticias\">Santo Domingo.-Un haitiano residente en Hig\u00fcey es la primera persona enferma de c\u00f3lera en Rep\u00fablica Dominicana luego de que la epidemia estallara en Hait\u00ed desde el 19 de octubre.<\/span><\/p>\n<\/p>\n<p><span class=\"text1noticias\"> El haitiano enfermo de c\u00f3lera fue confirmado por   el Ministerio de Salud P\u00fablica y la Organizaci\u00f3n Panamericana de la Salud (OPS).<\/span><\/p>\n<\/p>\n<p><span class=\"text1noticias\">Se trata del ciudadano haitiano Wilmont Uer (seg\u00fan la pronunciaci\u00f3n), confirm\u00f3 el ministro de Salud P\u00fablica, Bautista Rojas G\u00f3mez, en una rueda de prensa en la sede de la cartera.<\/span><\/p>\n<\/p>\n<p><span class=\"text1noticias\">El hombre trabaja como obrero en proyectos de construcci\u00f3n y el mes pasado hab\u00eda viajado a su pa\u00eds, de donde regres\u00f3 el 2 de este mes, especific\u00f3 Rojas.<\/span><\/p>\n<\/p>\n<p><span class=\"text1noticias\">En la actualidad permanece internado en un hospital de la tur\u00edstica provincia La Altagracia, donde las autoridades lo mantienen aislado en una habitaci\u00f3n especial.<\/span><\/p>\n<\/p>\n<p><span class=\"text1noticias\">Sigue afectado por el s\u00edntoma m\u00e1s evidente de la enfermedad bacteriol\u00f3gica, la diarrea.<\/span><\/p>\n<\/p>\n<h6> 2010-11-16 22:59:11 <\/h6>\n<p><!--\n<link rel=\"stylesheet\" href=\"css\/bootstrap.min.css\">\n\n\n<ul class=\"pagination\">\n\t    \n\t\n\n<li >\n\t<a href='?page_no=30573'>Previous<\/a>\n\t<\/li>\n\n\n       \n    \n\n<li><a href='?page_no=1'>1<\/a><\/li>\n\n\n\n<li><a href='?page_no=2'>2<\/a><\/li>\n\n\n\n<li><a>...<\/a><\/li>\n\n\n\n<li><a href='?page_no=30572'>30572<\/a><\/li>\n\n\n\n<li><a href='?page_no=30573'>30573<\/a><\/li>\n\n\n\n<li class='active'><a>30574<\/a><\/li>\n\n\n\n<li><a href='?page_no=30575'>30575<\/a><\/li>\n\n\n\n<li><a href='?page_no=30576'>30576<\/a><\/li>\n\n\n\n<li><a>...<\/a><\/li>\n\n\n\n<li><a href='?page_no=31963'>31963<\/a><\/li>\n\n\n\n<li><a href='?page_no=31964'>31964<\/a><\/li>\n\n    \n\t\n\n<li >\n\t<a href='?page_no=30575'>Next<\/a>\n\t<\/li>\n\n\n    \n\n<li><a href='?page_no=31964'>Last &rsaquo;&rsaquo;<\/a><\/li>\n\n<\/ul>\n\n\n--><br \/>\n<\/body><\/p>\n","protected":false},"excerpt":{"rendered":"<p>Santo Domingo.-Un haitiano residente en Hig\u00fcey es la primera persona enferma de c\u00f3lera en Rep\u00fablica Dominicana luego de que la epidemia estallara en Hait\u00ed desde el 19 de octubre. El haitiano enfermo de c\u00f3lera fue confirmado por el Ministerio de Salud P\u00fablica y la Organizaci\u00f3n Panamericana de la Salud (OPS). Se trata del ciudadano haitiano [&hellip;]<\/p>\n","protected":false},"author":3,"featured_media":0,"comment_status":"open","ping_status":"open","sticky":false,"template":"","format":"standard","meta":{"footnotes":""},"categories":[24],"tags":[],"class_list":["post-155406","post","type-post","status-publish","format-standard","hentry","category-justicia-y-derecho"],"_links":{"self":[{"href":"https:\/\/diariodominicano.com\/index.php?rest_route=\/wp\/v2\/posts\/155406","targetHints":{"allow":["GET"]}}],"collection":[{"href":"https:\/\/diariodominicano.com\/index.php?rest_route=\/wp\/v2\/posts"}],"about":[{"href":"https:\/\/diariodominicano.com\/index.php?rest_route=\/wp\/v2\/types\/post"}],"author":[{"embeddable":true,"href":"https:\/\/diariodominicano.com\/index.php?rest_route=\/wp\/v2\/users\/3"}],"replies":[{"embeddable":true,"href":"https:\/\/diariodominicano.com\/index.php?rest_route=%2Fwp%2Fv2%2Fcomments&post=155406"}],"version-history":[{"count":0,"href":"https:\/\/diariodominicano.com\/index.php?rest_route=\/wp\/v2\/posts\/155406\/revisions"}],"wp:attachment":[{"href":"https:\/\/diariodominicano.com\/index.php?rest_route=%2Fwp%2Fv2%2Fmedia&parent=155406"}],"wp:term":[{"taxonomy":"category","embeddable":true,"href":"https:\/\/diariodominicano.com\/index.php?rest_route=%2Fwp%2Fv2%2Fcategories&post=155406"},{"taxonomy":"post_tag","embeddable":true,"href":"https:\/\/diariodominicano.com\/index.php?rest_route=%2Fwp%2Fv2%2Ftags&post=155406"}],"curies":[{"name":"wp","href":"https:\/\/api.w.org\/{rel}","templated":true}]}}