{"id":155403,"date":"2010-11-17T14:22:32","date_gmt":"2010-11-17T14:22:32","guid":{"rendered":"http:\/\/diariodominicano.ddns.net\/?p=155403"},"modified":"2010-11-17T14:22:32","modified_gmt":"2010-11-17T14:22:32","slug":"pn-reapresa-recluso-de-neiba-que-escapo-del-hospital-jaime-mota-de-barahona","status":"publish","type":"post","link":"https:\/\/diariodominicano.com\/?p=155403","title":{"rendered":"PN reapresa recluso de Neiba que escap\u00f3 del hospital Jaime Mota de Barahona"},"content":{"rendered":"<p><body><\/p>\n<p><img decoding=\"async\" src=\"http:\/\/localhost:8080\/justiciayderecho\/img3\/FOTO DE PRESOS.jpg\" \/>  <\/p>\n<p><span class=\"text1noticias\">Neiba, 17 Nov 2010.- Fue reapresado por la Polic\u00eda,  un recluso que se escap\u00f3 en d\u00edas pasados  del hospital regional universitario Jaime Mota en Barahona.<\/span><\/p>\n<p><span class=\"text1noticias\"> <\/span><\/p>\n<p><span class=\"text1noticias\">El vocero de la Direcci\u00f3n Regional Sur de la Polic\u00eda, mayor Jos\u00e9 de los Santos P\u00e9rez y P\u00e9rez identific\u00f3 al interno como Lenin Garc\u00eda Pe\u00f1a de 29 a\u00f1os.<\/span><\/p>\n<p><span class=\"text1noticias\"> <\/span><\/p>\n<p><span class=\"text1noticias\">Indic\u00f3 que Garc\u00eda Pe\u00f1a fue apresado durante allanamiento en la calle Principal n\u00famero 34 en Mena Arriba de Tamayo.<\/span><\/p>\n<p><span class=\"text1noticias\"> <\/span><\/p>\n<p><span class=\"text1noticias\">Tambi\u00e9n indic\u00f3 que en la requisa domiciliaria participaron el sargento mayor M\u00e1ximo Reyes Gonz\u00e1lez de la 22 Unidad de la uniformada y el fiscalizador V\u00edctor Hugo Medina Reyes.<\/span><\/p>\n<p><span class=\"text1noticias\"> <\/span><\/p>\n<p><span class=\"text1noticias\">Manifest\u00f3 que el detenido estaba preso por haber sostenido una ri\u00f1a con un hombre identificado como Gallito.<\/span><\/p>\n<p><span class=\"text1noticias\"> <\/span><\/p>\n<p><span class=\"text1noticias\">Se\u00f1al\u00f3 que este fue llevado al centro de salud por problemas de salud, de donde escap\u00f3 en semanas pasadas.<\/span><\/p>\n<p><span class=\"text1noticias\"> <\/span><\/p>\n<h6> 2010-11-17 14:22:32 <\/h6>\n<p><!--\n<link rel=\"stylesheet\" href=\"css\/bootstrap.min.css\">\n\n\n<ul class=\"pagination\">\n\t    \n\t\n\n<li >\n\t<a href='?page_no=30570'>Previous<\/a>\n\t<\/li>\n\n\n       \n    \n\n<li><a href='?page_no=1'>1<\/a><\/li>\n\n\n\n<li><a href='?page_no=2'>2<\/a><\/li>\n\n\n\n<li><a>...<\/a><\/li>\n\n\n\n<li><a href='?page_no=30569'>30569<\/a><\/li>\n\n\n\n<li><a href='?page_no=30570'>30570<\/a><\/li>\n\n\n\n<li class='active'><a>30571<\/a><\/li>\n\n\n\n<li><a href='?page_no=30572'>30572<\/a><\/li>\n\n\n\n<li><a href='?page_no=30573'>30573<\/a><\/li>\n\n\n\n<li><a>...<\/a><\/li>\n\n\n\n<li><a href='?page_no=31963'>31963<\/a><\/li>\n\n\n\n<li><a href='?page_no=31964'>31964<\/a><\/li>\n\n    \n\t\n\n<li >\n\t<a href='?page_no=30572'>Next<\/a>\n\t<\/li>\n\n\n    \n\n<li><a href='?page_no=31964'>Last &rsaquo;&rsaquo;<\/a><\/li>\n\n<\/ul>\n\n\n--><br \/>\n<\/body><\/p>\n","protected":false},"excerpt":{"rendered":"<p>Neiba, 17 Nov 2010.- Fue reapresado por la Polic\u00eda, un recluso que se escap\u00f3 en d\u00edas pasados del hospital regional universitario Jaime Mota en Barahona. El vocero de la Direcci\u00f3n Regional Sur de la Polic\u00eda, mayor Jos\u00e9 de los Santos P\u00e9rez y P\u00e9rez identific\u00f3 al interno como Lenin Garc\u00eda Pe\u00f1a de 29 a\u00f1os. Indic\u00f3 que [&hellip;]<\/p>\n","protected":false},"author":3,"featured_media":0,"comment_status":"open","ping_status":"open","sticky":false,"template":"","format":"standard","meta":{"footnotes":""},"categories":[24],"tags":[],"class_list":["post-155403","post","type-post","status-publish","format-standard","hentry","category-justicia-y-derecho"],"_links":{"self":[{"href":"https:\/\/diariodominicano.com\/index.php?rest_route=\/wp\/v2\/posts\/155403","targetHints":{"allow":["GET"]}}],"collection":[{"href":"https:\/\/diariodominicano.com\/index.php?rest_route=\/wp\/v2\/posts"}],"about":[{"href":"https:\/\/diariodominicano.com\/index.php?rest_route=\/wp\/v2\/types\/post"}],"author":[{"embeddable":true,"href":"https:\/\/diariodominicano.com\/index.php?rest_route=\/wp\/v2\/users\/3"}],"replies":[{"embeddable":true,"href":"https:\/\/diariodominicano.com\/index.php?rest_route=%2Fwp%2Fv2%2Fcomments&post=155403"}],"version-history":[{"count":0,"href":"https:\/\/diariodominicano.com\/index.php?rest_route=\/wp\/v2\/posts\/155403\/revisions"}],"wp:attachment":[{"href":"https:\/\/diariodominicano.com\/index.php?rest_route=%2Fwp%2Fv2%2Fmedia&parent=155403"}],"wp:term":[{"taxonomy":"category","embeddable":true,"href":"https:\/\/diariodominicano.com\/index.php?rest_route=%2Fwp%2Fv2%2Fcategories&post=155403"},{"taxonomy":"post_tag","embeddable":true,"href":"https:\/\/diariodominicano.com\/index.php?rest_route=%2Fwp%2Fv2%2Ftags&post=155403"}],"curies":[{"name":"wp","href":"https:\/\/api.w.org\/{rel}","templated":true}]}}