{"id":155402,"date":"2010-11-17T15:29:22","date_gmt":"2010-11-17T15:29:22","guid":{"rendered":"http:\/\/diariodominicano.ddns.net\/?p=155402"},"modified":"2010-11-17T15:29:22","modified_gmt":"2010-11-17T15:29:22","slug":"ministro-de-salud-dice-el-sistema-de-vigilancia-contra-el-colera-esta-funcionando-en-el-pais","status":"publish","type":"post","link":"https:\/\/diariodominicano.com\/?p=155402","title":{"rendered":"Ministro de Salud  dice el sistema de vigilancia contra el c\u00f3lera est\u00e1 funcionando en el pa\u00eds"},"content":{"rendered":"<p><body><\/p>\n<p><img decoding=\"async\" src=\"http:\/\/localhost:8080\/justiciayderecho\/img3\/Bauta.jpg\" \/>  <\/p>\n<p><span class=\"text1noticias\">Santo Domingo, 17 Nov 2010.- El ministro de Salud P\u00fablica, Bautista Rojas G\u00f3mez, inform\u00f3 este mi\u00e9rcoles que funciona el sistema de vigilancia epidemiol\u00f3gica establecido por el brote de c\u00f3lera en Hait\u00ed y que al momento  ha cobrado de 1,034 muertes, y m\u00e1s de 15,000 afectados.<\/span><\/p>\n<\/p>\n<p><span class=\"text1noticias\">El funcionario explic\u00f3 que el ciudadano haitiano Wilmo Louwe, de 32 a\u00f1os a quien la prueba del c\u00f3lera le dio positivo, viaj\u00f3 el 31 de octubre a su pa\u00eds natal y regres\u00f3 el d\u00eda 2 de este mes, pero que antes de llegar a su casa se sinti\u00f3 mal, por lo que al llegar a Hig\u00fcey, el d\u00eda 3, donde labora en el sector construcci\u00f3n, tom\u00f3 un motoconcho y se dirigi\u00f3 a una cl\u00ednica donde se determin\u00f3 que estaba afectado de c\u00f3lera <\/span><\/p>\n<\/p>\n<p><span class=\"text1noticias\">Dijo que este caso es el primero de c\u00f3lera en el pa\u00eds,  que llama la atenci\u00f3n al investigador y a las autoridades, y que origina una serie de acciones, visitas y pasos necesarios para conocer el foco de infecci\u00f3n. <\/span><\/p>\n<\/p>\n<p><span class=\"text1noticias\">Dijo que despu\u00e9s de esa situaci\u00f3n el autob\u00fas, as\u00ed como la primera y segunda paradas y el motoconcho, que tom\u00f3 Louwe fueron identificados y procedido a colocar la \u00abcinta amarilla\u00bb, como lo establece el protocolo establecido para tratar este virus, provocado por la bacteria Vibrio cholerae.<\/span><\/p>\n<\/p>\n<p><span class=\"text1noticias\">\u00abEl sistema de vigilancia funcion\u00f3, porque fuimos nosotros que lo detectamos\u00bb, dijo Rojas G\u00f3mez, al ser entrevistado en el programa El Gobierno de la Ma\u00f1ana, de la Z101.<\/span><\/p>\n<\/p>\n<p><span class=\"text1noticias\">Resalt\u00f3 el respaldo que ha tenido el ministerio de parte del Colegio M\u00e9dico Dominicano, entidad con la que por a\u00f1os ha mantenido un enfrentamiento por la exigencia de aumento salarial; y de la OPS, que trajo al pa\u00eds al grupo de experto que trabaj\u00f3 en Per\u00fa, en 1991, cuando se produjo en ese pa\u00eds suramericano un brote de c\u00f3lera.<\/span><\/p>\n<\/p>\n<p><span class=\"text1noticias\">Dijo que  no se siente atemorizado por este primer caso de c\u00f3lera, porque est\u00e1 convencido de que las condiciones de Rep\u00fablica Dominicana no son las mismas de Hait\u00ed.<\/span><\/p>\n<\/p>\n<p><span class=\"text1noticias\">Destac\u00f3 que la poblaci\u00f3n dominicana tiene m\u00e1s acceso a informaci\u00f3n y educaci\u00f3n en salud, as\u00ed como mejores servicios sanitarios, e instituciones con las cuales se puede trabajar.<\/span><\/p>\n<p><span class=\"text1noticias\"><strong>Le hicieron la advertencia a los hoteleros<\/strong><\/span><\/p>\n<\/p>\n<p><span class=\"text1noticias\">El funcionario explic\u00f3 que el Ministerio de Salud P\u00fablica le advirti\u00f3 a los hoteleros del este que no aceptaran nuevos haitianos para trabajar en la construcci\u00f3n ni que permitieran que los que tienen all\u00e1 instalados en estos momentos visitaran Hait\u00ed, por lo menos, durante tres meses. Sin embargo, el caso de Wilmo Louwe demuestra que la observaci\u00f3n no fue acatada.<\/span><\/p>\n<\/p>\n<p><span class=\"text1noticias\">\u00abNosotros recomendamos, hace 15 d\u00edas, en una reuni\u00f3n que sostuvimos en Hig\u00fcey que como hay una cantidad de obreros, que no acepten nuevos obreros por los pr\u00f3ximos 90 d\u00edas, y que los que viajen se les advierta que no pueden regresar a trabajar en los pr\u00f3ximos d\u00edas hasta tanto se bloquee la epidemia en Hait\u00ed\u00bb.<\/span><\/p>\n<h6> 2010-11-17 15:29:22 <\/h6>\n<p><!--\n<link rel=\"stylesheet\" href=\"css\/bootstrap.min.css\">\n\n\n<ul class=\"pagination\">\n\t    \n\t\n\n<li >\n\t<a href='?page_no=30569'>Previous<\/a>\n\t<\/li>\n\n\n       \n    \n\n<li><a href='?page_no=1'>1<\/a><\/li>\n\n\n\n<li><a href='?page_no=2'>2<\/a><\/li>\n\n\n\n<li><a>...<\/a><\/li>\n\n\n\n<li><a href='?page_no=30568'>30568<\/a><\/li>\n\n\n\n<li><a href='?page_no=30569'>30569<\/a><\/li>\n\n\n\n<li class='active'><a>30570<\/a><\/li>\n\n\n\n<li><a href='?page_no=30571'>30571<\/a><\/li>\n\n\n\n<li><a href='?page_no=30572'>30572<\/a><\/li>\n\n\n\n<li><a>...<\/a><\/li>\n\n\n\n<li><a href='?page_no=31963'>31963<\/a><\/li>\n\n\n\n<li><a href='?page_no=31964'>31964<\/a><\/li>\n\n    \n\t\n\n<li >\n\t<a href='?page_no=30571'>Next<\/a>\n\t<\/li>\n\n\n    \n\n<li><a href='?page_no=31964'>Last &rsaquo;&rsaquo;<\/a><\/li>\n\n<\/ul>\n\n\n--><br \/>\n<\/body><\/p>\n","protected":false},"excerpt":{"rendered":"<p>Santo Domingo, 17 Nov 2010.- El ministro de Salud P\u00fablica, Bautista Rojas G\u00f3mez, inform\u00f3 este mi\u00e9rcoles que funciona el sistema de vigilancia epidemiol\u00f3gica establecido por el brote de c\u00f3lera en Hait\u00ed y que al momento ha cobrado de 1,034 muertes, y m\u00e1s de 15,000 afectados. El funcionario explic\u00f3 que el ciudadano haitiano Wilmo Louwe, de [&hellip;]<\/p>\n","protected":false},"author":3,"featured_media":0,"comment_status":"open","ping_status":"open","sticky":false,"template":"","format":"standard","meta":{"footnotes":""},"categories":[24],"tags":[],"class_list":["post-155402","post","type-post","status-publish","format-standard","hentry","category-justicia-y-derecho"],"_links":{"self":[{"href":"https:\/\/diariodominicano.com\/index.php?rest_route=\/wp\/v2\/posts\/155402","targetHints":{"allow":["GET"]}}],"collection":[{"href":"https:\/\/diariodominicano.com\/index.php?rest_route=\/wp\/v2\/posts"}],"about":[{"href":"https:\/\/diariodominicano.com\/index.php?rest_route=\/wp\/v2\/types\/post"}],"author":[{"embeddable":true,"href":"https:\/\/diariodominicano.com\/index.php?rest_route=\/wp\/v2\/users\/3"}],"replies":[{"embeddable":true,"href":"https:\/\/diariodominicano.com\/index.php?rest_route=%2Fwp%2Fv2%2Fcomments&post=155402"}],"version-history":[{"count":0,"href":"https:\/\/diariodominicano.com\/index.php?rest_route=\/wp\/v2\/posts\/155402\/revisions"}],"wp:attachment":[{"href":"https:\/\/diariodominicano.com\/index.php?rest_route=%2Fwp%2Fv2%2Fmedia&parent=155402"}],"wp:term":[{"taxonomy":"category","embeddable":true,"href":"https:\/\/diariodominicano.com\/index.php?rest_route=%2Fwp%2Fv2%2Fcategories&post=155402"},{"taxonomy":"post_tag","embeddable":true,"href":"https:\/\/diariodominicano.com\/index.php?rest_route=%2Fwp%2Fv2%2Ftags&post=155402"}],"curies":[{"name":"wp","href":"https:\/\/api.w.org\/{rel}","templated":true}]}}