{"id":155401,"date":"2010-11-17T19:13:34","date_gmt":"2010-11-17T19:13:34","guid":{"rendered":"http:\/\/diariodominicano.ddns.net\/?p=155401"},"modified":"2010-11-17T19:13:34","modified_gmt":"2010-11-17T19:13:34","slug":"el-ingeniero-temistocles-montas-expresa-preocupacion-por-la-vulnerabilidad-climatica-que-esta-afectando-al-planeta","status":"publish","type":"post","link":"https:\/\/diariodominicano.com\/?p=155401","title":{"rendered":"El ingeniero Temistocles Montas expresa preocupaci\u00f3n por la vulnerabilidad clim\u00e1tica que esta afectando al planeta"},"content":{"rendered":"<p><body><\/p>\n<p><img decoding=\"async\" src=\"http:\/\/localhost:8080\/justiciayderecho\/img3\/montas advierte.JPG\" \/>  <\/p>\n<\/p>\n<p><span class=\"text1noticias\">Por Roberto Rodr\u00edguez <\/span><\/p>\n<\/p>\n<p><span class=\"text1noticias\">Santo Domingo.- El Ministro de Econom\u00eda, Planificaci\u00f3n y Desarrollo, ingeniero Tem\u00edstocles  Mont\u00e1s, consider\u00f3 que  las vulnerabilidades clim\u00e1ticas que agobian a los pa\u00edses del mundo a los patrones de producci\u00f3n y consumo resultan insostenibles a nivel nacional y global.<\/span><\/p>\n<\/p>\n<p><span class=\"text1noticias\">El ejecutivo gubernamental  previno sobre las soluciones parciales y temporales que no son m\u00e1s que parches que, tarde o temprano, resultar\u00e1n insuficientes, por lo que en muchos casos los problemas resurgir\u00e1n con mayor crudeza. <\/span><\/p>\n<\/p>\n<p><span class=\"text1noticias\"> El funcionario hizo el se\u00f1alamiento, tras dar  apertura en nombre del Presidente Leonel Fern\u00e1ndez a la Segunda Reuni\u00f3n de Ministros y Altas Autoridades de Desarrollo Sostenible que auspicia  la OEA en Santo Domingo y a la que asisten representantes de al menos 34 pa\u00edses de la regi\u00f3n, incluyendo a  Estados Unidos.<\/span><\/p>\n<\/p>\n<p><span class=\"text1noticias\">\u00abSe requiere de la participaci\u00f3n consciente de todos y todas, sector p\u00fablico, sector privado, organizaciones no gubernamentales y de la comunidad internacional para entender que muchas veces deber\u00e1 renunciarse al lucro r\u00e1pido en el corto plazo y en su lugar gestar soluciones, tal vez m\u00e1s costosas en el corto plazo, pero m\u00e1s duraderas y con menos impacto ambiental negativo en el mediano y largo plazo\u00bb, aconsej\u00f3, durante su discurso en el inicio de la actividad.<\/span><\/p>\n<\/p>\n<p><span class=\"text1noticias\">El objetivo fundamental de este c\u00f3nclave, que se extender\u00e1 hasta el viernes 19, es ponderar los logros y las dificultades para avanzar en materia de gesti\u00f3n de recursos h\u00eddricos, desastres, gesti\u00f3n forestal sostenible, agricultura sostenible y turismo sostenible.<\/span><\/p>\n<\/p>\n<p><span class=\"text1noticias\">Adem\u00e1s analizar los desaf\u00edos y oportunidades en conservaci\u00f3n y uso sostenible de la biodiversidad, gesti\u00f3n de zonas costeras y cambio clim\u00e1tico, promoci\u00f3n de las energ\u00edas renovables y la eficiencia energ\u00e9tica.<\/span><\/p>\n<\/p>\n<p><span class=\"text1noticias\">El ingeniero Mont\u00e1s estuvo acompa\u00f1ado en la mesa de honor del Secretario General Adjunto de la OEA, Embajador Albert R. Ramdin y del ministro de Medio Ambiente y Recursos Naturales, Jaime David Fern\u00e1ndez Mirabal; del Vicecanciller Jos\u00e9 Manuel Trullols y de Omar Ram\u00edrez, vicepresidente ejecutivo del Consejo Nacional para el Cambio Clim\u00e1tica y Mecanismo de Desarrollo Limpio y el fortalecimiento institucional para el desarrollo sostenible.<\/span><\/p>\n<\/p>\n<p><span class=\"text1noticias\"> El foro se desarrolla en el Sal\u00f3n de Convenciones del Ministerio de Relaciones Exteriores, en nuestro pa\u00eds.<\/span><\/p>\n<\/p>\n<h6> 2010-11-17 19:13:34 <\/h6>\n<p><!--\n<link rel=\"stylesheet\" href=\"css\/bootstrap.min.css\">\n\n\n<ul class=\"pagination\">\n\t    \n\t\n\n<li >\n\t<a href='?page_no=30568'>Previous<\/a>\n\t<\/li>\n\n\n       \n    \n\n<li><a href='?page_no=1'>1<\/a><\/li>\n\n\n\n<li><a href='?page_no=2'>2<\/a><\/li>\n\n\n\n<li><a>...<\/a><\/li>\n\n\n\n<li><a href='?page_no=30567'>30567<\/a><\/li>\n\n\n\n<li><a href='?page_no=30568'>30568<\/a><\/li>\n\n\n\n<li class='active'><a>30569<\/a><\/li>\n\n\n\n<li><a href='?page_no=30570'>30570<\/a><\/li>\n\n\n\n<li><a href='?page_no=30571'>30571<\/a><\/li>\n\n\n\n<li><a>...<\/a><\/li>\n\n\n\n<li><a href='?page_no=31963'>31963<\/a><\/li>\n\n\n\n<li><a href='?page_no=31964'>31964<\/a><\/li>\n\n    \n\t\n\n<li >\n\t<a href='?page_no=30570'>Next<\/a>\n\t<\/li>\n\n\n    \n\n<li><a href='?page_no=31964'>Last &rsaquo;&rsaquo;<\/a><\/li>\n\n<\/ul>\n\n\n--><br \/>\n<\/body><\/p>\n","protected":false},"excerpt":{"rendered":"<p>Por Roberto Rodr\u00edguez Santo Domingo.- El Ministro de Econom\u00eda, Planificaci\u00f3n y Desarrollo, ingeniero Tem\u00edstocles Mont\u00e1s, consider\u00f3 que las vulnerabilidades clim\u00e1ticas que agobian a los pa\u00edses del mundo a los patrones de producci\u00f3n y consumo resultan insostenibles a nivel nacional y global. El ejecutivo gubernamental previno sobre las soluciones parciales y temporales que no son m\u00e1s [&hellip;]<\/p>\n","protected":false},"author":3,"featured_media":0,"comment_status":"open","ping_status":"open","sticky":false,"template":"","format":"standard","meta":{"footnotes":""},"categories":[24],"tags":[],"class_list":["post-155401","post","type-post","status-publish","format-standard","hentry","category-justicia-y-derecho"],"_links":{"self":[{"href":"https:\/\/diariodominicano.com\/index.php?rest_route=\/wp\/v2\/posts\/155401","targetHints":{"allow":["GET"]}}],"collection":[{"href":"https:\/\/diariodominicano.com\/index.php?rest_route=\/wp\/v2\/posts"}],"about":[{"href":"https:\/\/diariodominicano.com\/index.php?rest_route=\/wp\/v2\/types\/post"}],"author":[{"embeddable":true,"href":"https:\/\/diariodominicano.com\/index.php?rest_route=\/wp\/v2\/users\/3"}],"replies":[{"embeddable":true,"href":"https:\/\/diariodominicano.com\/index.php?rest_route=%2Fwp%2Fv2%2Fcomments&post=155401"}],"version-history":[{"count":0,"href":"https:\/\/diariodominicano.com\/index.php?rest_route=\/wp\/v2\/posts\/155401\/revisions"}],"wp:attachment":[{"href":"https:\/\/diariodominicano.com\/index.php?rest_route=%2Fwp%2Fv2%2Fmedia&parent=155401"}],"wp:term":[{"taxonomy":"category","embeddable":true,"href":"https:\/\/diariodominicano.com\/index.php?rest_route=%2Fwp%2Fv2%2Fcategories&post=155401"},{"taxonomy":"post_tag","embeddable":true,"href":"https:\/\/diariodominicano.com\/index.php?rest_route=%2Fwp%2Fv2%2Ftags&post=155401"}],"curies":[{"name":"wp","href":"https:\/\/api.w.org\/{rel}","templated":true}]}}