{"id":155400,"date":"2010-11-17T19:30:54","date_gmt":"2010-11-17T19:30:54","guid":{"rendered":"http:\/\/diariodominicano.ddns.net\/?p=155400"},"modified":"2010-11-17T19:30:54","modified_gmt":"2010-11-17T19:30:54","slug":"sarita-valdez-recomienda-medidas-de-higiene-para-evitar-propagacion-del-colera-en-el-pais","status":"publish","type":"post","link":"https:\/\/diariodominicano.com\/?p=155400","title":{"rendered":"Sarita Valdez recomienda medidas de higiene para evitar propagaci\u00f3n del c\u00f3lera en el pa\u00eds"},"content":{"rendered":"<p><body><\/p>\n<\/p>\n<\/p>\n<p><span class=\"text1noticias\">Santo Domingo.- El medico Sergio Sarita Valdez, dirigente del Partido de la Liberaci\u00f3n Dominicana (PLD) exhort\u00f3 a la poblaci\u00f3n dominicana a mantenerse serena y en calma, evitando la situaci\u00f3n de alarma ante la confirmaci\u00f3n del Ministerio de Salud Publica de un primer paciente en pa\u00eds a quien se le detecto la bacteria del c\u00f3lera.<\/span><\/p>\n<p><span class=\"text1noticias\"> <\/span><\/p>\n<p><span class=\"text1noticias\">Ante el caso el especialita recomienda  la serenidad y mantener claridad y buena orientaci\u00f3n de las acciones preventivas que deben  adoptarse para evitar la propagaci\u00f3n del mal.<\/span><\/p>\n<p><span class=\"text1noticias\"> <\/span><\/p>\n<p><span class=\"text1noticias\">Destac\u00f3 el esfuerzo de las autoridades para prevenir la entrada de la bacteria a territorio dominicano, aunque admite que por ser  imposible que se selle por completo la frontera, el microorganismo tarde o temprano,  iba a ser localizado en pacientes de este lado de la isla.<\/span><\/p>\n<p><span class=\"text1noticias\"> <\/span><\/p>\n<p><span class=\"text1noticias\">\u00abLa poblaci\u00f3n dominicana en este caso tiene que tener siempre presente la higiene\u00bb, recomend\u00f3 el reconocido pat\u00f3logo e investigador.<\/span><\/p>\n<p><span class=\"text1noticias\"> <\/span><\/p>\n<p><span class=\"text1noticias\">En ese orden considera que para evitar la propagaci\u00f3n de la bacteria se debe ser sumamente cuidadoso en el manejo de los alimentos y lavarse las manos antes de tocar los alimentos ya se trate para su ingesta o preparaci\u00f3n.<\/span><\/p>\n<p><span class=\"text1noticias\"> <\/span><\/p>\n<p><span class=\"text1noticias\">Sarita Valdez explica que la poblaci\u00f3n debe inclinarse por consumir alimentos cocidos, hervidos, evitando la ingesta de alimentos crudos aunque fueren vegetales o provenientes de los huertos.<\/span><\/p>\n<p><span class=\"text1noticias\"> <\/span><\/p>\n<p><span class=\"text1noticias\">Sobre los alimentos que se preparan y venden en las calles sin ninguna medida de higiene, recomienda debe evitarse en grado sumo, su consumo.<\/span><\/p>\n<p><span class=\"text1noticias\"> <\/span><\/p>\n<p><span class=\"text1noticias\">\u00abSi la poblaci\u00f3n en general asume en estos momentos criterios estrictos de higiene no hay porque alarmarse\u00bb, declar\u00f3 Sergio Sarita Valdez al programa radial  Acci\u00f3n Matinal, que la Secretar\u00eda de Comunicaciones del PLD rese\u00f1a en un parte period\u00edstico.<\/span><\/p>\n<p><span class=\"text1noticias\"> <\/span><\/p>\n<p><span class=\"text1noticias\">Al momento de la declaraci\u00f3n de Sarita Valdez en la radio, se dirig\u00eda a la poblaci\u00f3n por la televisi\u00f3n,  el Ministro de Salud Publica, Bautista Rojas G\u00f3mez  quien solicit\u00f3 a la  poblaci\u00f3n a mantener la calma ante la aparici\u00f3n del primer caso de c\u00f3lera en Hig\u00fcey y asegur\u00f3 que el Gobierno adopta las medidas para evitar la propagaci\u00f3n <\/span><\/p>\n<p><span class=\"text1noticias\"> <\/span><\/p>\n<p><span class=\"text1noticias\">En horas de la ma\u00f1ana un equipo multidisciplinario de funcionarios del gobierno sosten\u00eda una reuni\u00f3n  con el  presidente Leonel Fern\u00e1ndez en el Palacio Nacional  analizando las diferentes v\u00edas de acci\u00f3n   tras detectarse  el primer caso de c\u00f3lera  en el pa\u00eds.<\/span><\/p>\n<\/p>\n<h6> 2010-11-17 19:30:54 <\/h6>\n<p><!--\n<link rel=\"stylesheet\" href=\"css\/bootstrap.min.css\">\n\n\n<ul class=\"pagination\">\n\t    \n\t\n\n<li >\n\t<a href='?page_no=30567'>Previous<\/a>\n\t<\/li>\n\n\n       \n    \n\n<li><a href='?page_no=1'>1<\/a><\/li>\n\n\n\n<li><a href='?page_no=2'>2<\/a><\/li>\n\n\n\n<li><a>...<\/a><\/li>\n\n\n\n<li><a href='?page_no=30566'>30566<\/a><\/li>\n\n\n\n<li><a href='?page_no=30567'>30567<\/a><\/li>\n\n\n\n<li class='active'><a>30568<\/a><\/li>\n\n\n\n<li><a href='?page_no=30569'>30569<\/a><\/li>\n\n\n\n<li><a href='?page_no=30570'>30570<\/a><\/li>\n\n\n\n<li><a>...<\/a><\/li>\n\n\n\n<li><a href='?page_no=31963'>31963<\/a><\/li>\n\n\n\n<li><a href='?page_no=31964'>31964<\/a><\/li>\n\n    \n\t\n\n<li >\n\t<a href='?page_no=30569'>Next<\/a>\n\t<\/li>\n\n\n    \n\n<li><a href='?page_no=31964'>Last &rsaquo;&rsaquo;<\/a><\/li>\n\n<\/ul>\n\n\n--><br \/>\n<\/body><\/p>\n","protected":false},"excerpt":{"rendered":"<p>Santo Domingo.- El medico Sergio Sarita Valdez, dirigente del Partido de la Liberaci\u00f3n Dominicana (PLD) exhort\u00f3 a la poblaci\u00f3n dominicana a mantenerse serena y en calma, evitando la situaci\u00f3n de alarma ante la confirmaci\u00f3n del Ministerio de Salud Publica de un primer paciente en pa\u00eds a quien se le detecto la bacteria del c\u00f3lera. Ante [&hellip;]<\/p>\n","protected":false},"author":3,"featured_media":0,"comment_status":"open","ping_status":"open","sticky":false,"template":"","format":"standard","meta":{"footnotes":""},"categories":[24],"tags":[],"class_list":["post-155400","post","type-post","status-publish","format-standard","hentry","category-justicia-y-derecho"],"_links":{"self":[{"href":"https:\/\/diariodominicano.com\/index.php?rest_route=\/wp\/v2\/posts\/155400","targetHints":{"allow":["GET"]}}],"collection":[{"href":"https:\/\/diariodominicano.com\/index.php?rest_route=\/wp\/v2\/posts"}],"about":[{"href":"https:\/\/diariodominicano.com\/index.php?rest_route=\/wp\/v2\/types\/post"}],"author":[{"embeddable":true,"href":"https:\/\/diariodominicano.com\/index.php?rest_route=\/wp\/v2\/users\/3"}],"replies":[{"embeddable":true,"href":"https:\/\/diariodominicano.com\/index.php?rest_route=%2Fwp%2Fv2%2Fcomments&post=155400"}],"version-history":[{"count":0,"href":"https:\/\/diariodominicano.com\/index.php?rest_route=\/wp\/v2\/posts\/155400\/revisions"}],"wp:attachment":[{"href":"https:\/\/diariodominicano.com\/index.php?rest_route=%2Fwp%2Fv2%2Fmedia&parent=155400"}],"wp:term":[{"taxonomy":"category","embeddable":true,"href":"https:\/\/diariodominicano.com\/index.php?rest_route=%2Fwp%2Fv2%2Fcategories&post=155400"},{"taxonomy":"post_tag","embeddable":true,"href":"https:\/\/diariodominicano.com\/index.php?rest_route=%2Fwp%2Fv2%2Ftags&post=155400"}],"curies":[{"name":"wp","href":"https:\/\/api.w.org\/{rel}","templated":true}]}}