{"id":155399,"date":"2010-11-17T19:56:12","date_gmt":"2010-11-17T19:56:12","guid":{"rendered":"http:\/\/diariodominicano.ddns.net\/?p=155399"},"modified":"2010-11-17T19:56:12","modified_gmt":"2010-11-17T19:56:12","slug":"abreu-denuncia-empresarios-burlan-derechos-de-los-trabajadores","status":"publish","type":"post","link":"https:\/\/diariodominicano.com\/?p=155399","title":{"rendered":"Abreu denuncia empresarios burlan derechos de los trabajadores"},"content":{"rendered":"<p><body><\/p>\n<p><img decoding=\"async\" src=\"http:\/\/localhost:8080\/justiciayderecho\/img3\/pepe abreu.JPG\" \/>  <\/p>\n<\/p>\n<p><span class=\"text1noticias\">SANTO DOMINGO.-El dirigente sindical Rafael -Pepe- Abreu denunci\u00f3 que hay empresarios que obligan a sus trabajadores a constituir compa\u00f1\u00edas para que le sirvan como subcontratista para de esa forma negar los beneficios legales de los obreros y dejar de pagar impuestos al fisco.<\/span><\/p>\n<\/p>\n<p><span class=\"text1noticias\">\tSe\u00f1al\u00f3 que mediante esa pr\u00e1ctica los trabajadores no cotizan al sistema de seguridad social ni tienen derechos a beneficiarse de todas las prerrogativas laborales a que tienen derecho.<\/span><\/p>\n<\/p>\n<p><span class=\"text1noticias\">\tAbreu afirm\u00f3 que la pr\u00e1ctica irregular consiste en que ?crean una empresa con los mismos trabajadores con el objetivo de liberarse de lo que le llaman cargas sociales, entonces estas personas excluyen a esa gente del sistema de seguridad social?.<\/span><\/p>\n<\/p>\n<p><span class=\"text1noticias\">\tAl participar en matutino \u00abEl Bulevar con Pablo McKinney\u00bb, el dirigente del Consejo Nacional de la Unidad Sindical (CNUS) manifest\u00f3 que empresarios que no respetan las leyes se aprovechan de la gran cantidad de desempleados que hay en el pa\u00eds para imponer condiciones desfavorables para los trabajadores.<\/span><\/p>\n<\/p>\n<p><span class=\"text1noticias\">\tExpres\u00f3 que el C\u00f3digo de Trabajo no se prepar\u00f3 para esa eventualidad, pues la legislaci\u00f3n se estableci\u00f3 para regular las relaciones laborales formales.<\/span><\/p>\n<\/p>\n<p><span class=\"text1noticias\">\tNo obstante, Abreu reconoci\u00f3 que ?cuando los representantes de los trabajadores acuden al Ministerio de Trabajo y notifican la irregularidad con pruebas, la decisi\u00f3n casi siempre favorece a los obreros?.<\/span><\/p>\n<\/p>\n<p><span class=\"text1noticias\">\tFavoreci\u00f3 que los empresarios contraten formalmente a sus trabajadores y que ambos cumplan sus obligaciones con el Estado y el sistema de seguridad social.<\/span><\/p>\n<\/p>\n<p><span class=\"text1noticias\">\tAbreu dijo que no es justo que una empresa le niegue a sus trabajadores el orgullo de pertenecer a ella y record\u00f3 que a\u00f1os atr\u00e1s era una verdadera satisfacci\u00f3n para un obrero vestir el uniforme de la compa\u00f1\u00eda en que laboraba, como sucede actualmente en empresas reconocidas y que cumplen con las leyes. <\/span><\/p>\n<\/p>\n<h6> 2010-11-17 19:56:12 <\/h6>\n<p><!--\n<link rel=\"stylesheet\" href=\"css\/bootstrap.min.css\">\n\n\n<ul class=\"pagination\">\n\t    \n\t\n\n<li >\n\t<a href='?page_no=30566'>Previous<\/a>\n\t<\/li>\n\n\n       \n    \n\n<li><a href='?page_no=1'>1<\/a><\/li>\n\n\n\n<li><a href='?page_no=2'>2<\/a><\/li>\n\n\n\n<li><a>...<\/a><\/li>\n\n\n\n<li><a href='?page_no=30565'>30565<\/a><\/li>\n\n\n\n<li><a href='?page_no=30566'>30566<\/a><\/li>\n\n\n\n<li class='active'><a>30567<\/a><\/li>\n\n\n\n<li><a href='?page_no=30568'>30568<\/a><\/li>\n\n\n\n<li><a href='?page_no=30569'>30569<\/a><\/li>\n\n\n\n<li><a>...<\/a><\/li>\n\n\n\n<li><a href='?page_no=31963'>31963<\/a><\/li>\n\n\n\n<li><a href='?page_no=31964'>31964<\/a><\/li>\n\n    \n\t\n\n<li >\n\t<a href='?page_no=30568'>Next<\/a>\n\t<\/li>\n\n\n    \n\n<li><a href='?page_no=31964'>Last &rsaquo;&rsaquo;<\/a><\/li>\n\n<\/ul>\n\n\n--><br \/>\n<\/body><\/p>\n","protected":false},"excerpt":{"rendered":"<p>SANTO DOMINGO.-El dirigente sindical Rafael -Pepe- Abreu denunci\u00f3 que hay empresarios que obligan a sus trabajadores a constituir compa\u00f1\u00edas para que le sirvan como subcontratista para de esa forma negar los beneficios legales de los obreros y dejar de pagar impuestos al fisco. Se\u00f1al\u00f3 que mediante esa pr\u00e1ctica los trabajadores no cotizan al sistema de [&hellip;]<\/p>\n","protected":false},"author":3,"featured_media":0,"comment_status":"open","ping_status":"open","sticky":false,"template":"","format":"standard","meta":{"footnotes":""},"categories":[24],"tags":[],"class_list":["post-155399","post","type-post","status-publish","format-standard","hentry","category-justicia-y-derecho"],"_links":{"self":[{"href":"https:\/\/diariodominicano.com\/index.php?rest_route=\/wp\/v2\/posts\/155399","targetHints":{"allow":["GET"]}}],"collection":[{"href":"https:\/\/diariodominicano.com\/index.php?rest_route=\/wp\/v2\/posts"}],"about":[{"href":"https:\/\/diariodominicano.com\/index.php?rest_route=\/wp\/v2\/types\/post"}],"author":[{"embeddable":true,"href":"https:\/\/diariodominicano.com\/index.php?rest_route=\/wp\/v2\/users\/3"}],"replies":[{"embeddable":true,"href":"https:\/\/diariodominicano.com\/index.php?rest_route=%2Fwp%2Fv2%2Fcomments&post=155399"}],"version-history":[{"count":0,"href":"https:\/\/diariodominicano.com\/index.php?rest_route=\/wp\/v2\/posts\/155399\/revisions"}],"wp:attachment":[{"href":"https:\/\/diariodominicano.com\/index.php?rest_route=%2Fwp%2Fv2%2Fmedia&parent=155399"}],"wp:term":[{"taxonomy":"category","embeddable":true,"href":"https:\/\/diariodominicano.com\/index.php?rest_route=%2Fwp%2Fv2%2Fcategories&post=155399"},{"taxonomy":"post_tag","embeddable":true,"href":"https:\/\/diariodominicano.com\/index.php?rest_route=%2Fwp%2Fv2%2Ftags&post=155399"}],"curies":[{"name":"wp","href":"https:\/\/api.w.org\/{rel}","templated":true}]}}