{"id":155398,"date":"2010-11-17T20:11:07","date_gmt":"2010-11-17T20:11:07","guid":{"rendered":"http:\/\/diariodominicano.ddns.net\/?p=155398"},"modified":"2010-11-17T20:11:07","modified_gmt":"2010-11-17T20:11:07","slug":"oea-insta-comunidad-internacional-desde-rd-a-cumplir-promesas-sobre-el-cambio-climatico","status":"publish","type":"post","link":"https:\/\/diariodominicano.com\/?p=155398","title":{"rendered":"OEA insta comunidad internacional desde RD a cumplir promesas sobre el cambio clim\u00e1tico"},"content":{"rendered":"<p><body><\/p>\n<p><img decoding=\"async\" src=\"http:\/\/localhost:8080\/justiciayderecho\/img3\/sec adjunto oea.JPG\" \/>  <\/p>\n<\/p>\n<\/p>\n<p><span class=\"text1noticias\">Santo Domingo.- El Secretario General Adjunto de la Organizaci\u00f3n de Estados Americanos (OEA), Robert R. Ramdin, hizo este mi\u00e9rcoles  desde Santo Domingo un llamamiento a la comunidad internacional a cumplir las promesas de reducir las emisiones de gases de efecto invernadero y el acceso a los fondos prometidos para la adaptaci\u00f3n al cambio clim\u00e1tico en las regiones m\u00e1s vulnerables asumidas en Copenhague, Dinamarca.<\/span><\/p>\n<\/p>\n<p><span class=\"text1noticias\">En su discurso en la inauguraci\u00f3n de la Segunda Reuni\u00f3n de Ministros y Altas Autoridades de Desarrollo Sostenible que tiene lugar en la capital dominicana, hasta este viernes pr\u00f3ximo, Ramdin agradeci\u00f3 la c\u00e1lida recepci\u00f3n y hospitalidad del gobierno y el pueblo dominicano a los delegados de los 34 pa\u00edses participantes en este foro. <\/span><\/p>\n<\/p>\n<p><span class=\"text1noticias\">Extendi\u00f3 su llamamiento a los Estados Miembros de la OEA, para que intensifiquen sus propios esfuerzos a fin de hacer a sus sociedades y econom\u00edas m\u00e1s resistentes al cambio clim\u00e1tico y a otros peligros naturales.<\/span><\/p>\n<\/p>\n<p><span class=\"text1noticias\"> Durante la instalaci\u00f3n del evento, que tiene lugar en el sal\u00f3n de conferencia de la Canciller\u00eda, hablaron el Ministro de Econom\u00eda, Planificaci\u00f3n y Desarrollo, Tem\u00edstocles Mont\u00e1s; que lo hizo delegado por el Presidente Leonel Fern\u00e1ndez y el Vicecanciller Jos\u00e9 Manuel Trullors, en representaci\u00f3n del Canciller Carlos Morales Troncoso.<\/span><\/p>\n<\/p>\n<p><span class=\"text1noticias\">\u00abLa realidad de la pobreza en nuestro Hemisferio tampoco puede ser ignorada. Sencillamente el momento de actuar es ahora y debemos hacerlo con vigor para reducir la miseria humana y p\u00e9rdida paralizante de la vida, la propiedad y la infraestructura causadas por desastres en nuestra regi\u00f3n\u00bb, dijo. <\/span><\/p>\n<\/p>\n<p><span class=\"text1noticias\">Debemos prestar mayor atenci\u00f3n a los elementos que contribuyen al riesgo como la creciente urbanizaci\u00f3n no planificada, la falta de gobernanza, la vulnerabilidad de los medios de subsistencia rural y el deterioro de ecosistemas?, coment\u00f3.<\/span><\/p>\n<\/p>\n<p><span class=\"text1noticias\">Manifest\u00f3 en el foro, reunido en el Ministerio de Relaciones Exteriores frente al Malec\u00f3n de la Capital, que el actual paradigma del desarrollo debe ser recondenado y adoptar una metodolog\u00eda m\u00e1s hol\u00edstica, amplia e integrada, para lograr la estabilidad, la seguridad y la prosperidad SOCAL, incorporando un uso sostenible de los recursos naturales, centr\u00e1ndolos en el potencial humano y creativo de los pueblos.<\/span><\/p>\n<\/p>\n<p><span class=\"text1noticias\">Explic\u00f3 que estas aspiraciones pueden ser logradas atendiendo a los problemas de la exclusi\u00f3n social y la injusticia, promoviendo la igualdad y la equidad, tomando en cuenta seriamente la vulnerabilidad de las econom\u00edas, en particular las m\u00e1s peque\u00f1as de Centro Am\u00e9rica y el Caribe, m\u00e1s all\u00e1 de los objetivos de la econom\u00eda y de las ganancias a corto plazo.<\/span><\/p>\n<\/p>\n<p><span class=\"text1noticias\">Inform\u00f3 que, concluido ya el diagn\u00f3stico interno de los \u00f3rganos y los mecanismos de la OEA para afrontar los peligros naturales, y ante la frecuencia e intensidad mayor de los desastres naturales, se buscar\u00e1 ahora de manera agresiva los recursos para apoyar la labor de la Red Interamericana de Mitigaci\u00f3n de Desastres y del Comit\u00e9 Interamericano para la Reducci\u00f3n de Desastres Naturales (CIRDN).<\/span><\/p>\n<\/p>\n<p><span class=\"text1noticias\">En ese sentido anunci\u00f3 al auditorio que ponderar\u00e1 con el Secretario General, Jos\u00e9 Miguel Insulza, la forma de hacer m\u00e1s eficaz el Comit\u00e9, para que responda de manera m\u00e1s coordinada, pragm\u00e1tica y r\u00e1pida ante los desastres naturales en el Hemisferio.<\/span><\/p>\n<\/p>\n<p><span class=\"text1noticias\">?Distinguidos Delegados, dif\u00edcilmente pasa un d\u00eda sin frecuentes y poderosos recordatorios desde diversos puntos de nuestra regi\u00f3n sobre la importancia del desarrollo integral y sobre la necesidad de fortalecer la resiliencia de las comunidades a los peligros naturales. <\/span><\/p>\n<\/p>\n<p><span class=\"text1noticias\">?Los desastres naturales ya no se circunscriben a algunos pa\u00edses y regiones en nuestro Hemisferio. Todos nuestros pa\u00edses sufren los efectos de estos sucesos en sus econom\u00edas y tambi\u00e9n en la esfera de la seguridad pues crean inestabilidad y amenazan la paz y la democracia. Por lo tanto, es necesario dar la m\u00e1s alta prioridad a los desastres naturales en la agenda pol\u00edtica de la OEA y en otros mecanismos de di\u00e1logo en la regi\u00f3n, tales como la Cumbre de las Am\u00e9ricas.<\/span><\/p>\n<\/p>\n<p><span class=\"text1noticias\">Record\u00f3 que este a\u00f1o ha sido traum\u00e1tico para muchos pa\u00edses y pueblos del hemisferio, y cit\u00f3 la secuencia a partir del terremoto en Hait\u00ed en enero, luego el de Chile un mes despu\u00e9s, a los que sigui\u00f3 la prolongada sequ\u00eda en el Caribe y en partes de Am\u00e9rica Central entre febrero y junio.<\/span><\/p>\n<\/p>\n<p><span class=\"text1noticias\">\u00abY apenas hace unos d\u00edas el paso de los huracanes Richard y Tom\u00e1s, cobr\u00f3 decenas de vidas y provoc\u00f3 da\u00f1os valorados en millones de d\u00f3lares a la infraestructura social y econ\u00f3mica de Belice, Costa Rica, Hait\u00ed, Santa Lucia, San Vicente y las Granadinas, y Barbados\u00bb.<\/span><\/p>\n<\/p>\n<p><span class=\"text1noticias\">Empero, Ramdin reconoci\u00f3 avances sin precedentes del hemisferio en desarrollo sostenible desde la Primera Reuni\u00f3n de Ministros de Desarrollo Sostenible en Santa Cruz de la Sierra hace cuatro a\u00f1os.<\/span><\/p>\n<\/p>\n<p><span class=\"text1noticias\">Reconoci\u00f3 la existencia ahora de una mejor manera de conservar la biodiversidad, transform\u00e1ndola en un instrumento para el desarrollo humano sostenible, a trav\u00e9s de la bioprospecci\u00f3n, el ecoturismo, el canje de bonos de carbono y los mecanismos de pago a los agricultores que implementen pr\u00e1cticas agroforestales y contribuyan a la reforestaci\u00f3n, iniciativas que, inform\u00f3, son promovidas actualmente por gobiernos como los de Bolivia y Costa Rica a trav\u00e9s de incentivos, cr\u00e9ditos fiscales, pagos directos y mayor acceso a cr\u00e9ditos.<\/span><\/p>\n<\/p>\n<p><span class=\"text1noticias\">Entre otras ciudades que dijo han sido convertidas en m\u00e1s habitables mediante esfuerzos de planificaci\u00f3n concertados cit\u00f3 a Quito, en Ecuador, con su Programa de Reciclaje de vecindarios; Curitiba, en Brasil, con su Sistema de Transporte P\u00fablico; Toronto, en Canad\u00e1, con sus pr\u00e1cticas respetuosas del medio ambiente en los negocios y la industria; y P\u00f3rtland, en Oregon, con su desarrollo orientado al tr\u00e1nsito peatonal y, para mejorar la calidad del aire, los \u00abfuertes e irrevocables compromisos\u00bb que hacen Argentina, Brasil, Chile, M\u00e9xico y Per\u00fa.<\/span><\/p>\n<\/p>\n<p><span class=\"text1noticias\">En su discurso, Ramdin cit\u00f3 asimismo experiencias de conservaci\u00f3n mediante el uso de instrumentos de mercado como impuestos voluntarios al turismo, a los combustibles f\u00f3siles y tasas por uso del agua y en materia de energ\u00eda los pasos que dan varias naciones grandes y peque\u00f1as para reducir su huella de carbono. <\/span><\/p>\n<\/p>\n<p><span class=\"text1noticias\">Manifest\u00f3 que El desarrollo de la energ\u00eda e\u00f3lica y geot\u00e9rmica en Nevis, los parques e\u00f3licos de Wigton en Jamaica y los que est\u00e1n en construcci\u00f3n aqu\u00ed en Rep\u00fablica Dominicana, as\u00ed como el proyecto de etanol celul\u00f3sico en Belice, son ejemplos de las alentadoras tendencias en el desarrollo de las energ\u00edas renovables y en los esfuerzos por lograr un desarrollo con menos emisiones de carbono en el Caribe.<\/span><\/p>\n<\/p>\n<p><span class=\"text1noticias\">Indic\u00f3 que A\u00fan m\u00e1s notable es el esp\u00edritu de solidaridad que acompa\u00f1a estos esfuerzos, como se ha demostrado en los trabajos que se realizan en el marco de la Alianza sobre Biocombustibles entre Brasil y Estados Unidos en la que participan El Salvador, Hait\u00ed, Rep\u00fablica Dominicana, Saint Kitts y Nevis, Jamaica y Guatemala, y en el de la Alianza de Energ\u00eda y Clima de las Am\u00e9ricas (ECPA) que fue anunciada por el Presidente Barack Obama durante la Quinta Cumbre de las Am\u00e9ricas.<\/span><\/p>\n<\/p>\n<p><span class=\"text1noticias\">Dijo que en el tema del agua la OEA ha logrado un cambio positivo en la gesti\u00f3n integrada de cuencas y acu\u00edferos transfronterizos de importancia fundamental, como en el R\u00edo Bermejo, el acu\u00edfero Guaran\u00ed y el R\u00edo San Juan, y en la Cuenca del Plata y el R\u00edo Bravo con el Fondo para el Medio Ambiente Mundial, el Banco Mundial y el Programa de las Naciones Unidas para el Medio Ambiente.<\/span><\/p>\n<\/p>\n<p><span class=\"text1noticias\">Expres\u00f3 que Aunque los pasos de avance en el Hemisferio son firmes y significativos, los desaf\u00edos del pasado a\u00fan persisten y a \u00e9stos se suman desaf\u00edos emergentes como el cambio clim\u00e1tico para los que a nuestra regi\u00f3n no le queda m\u00e1s remedio que fortalecer sus esfuerzos para crear resiliencia.<\/span><\/p>\n<\/p>\n<p><span class=\"text1noticias\">El Secretario General Adjunto de la OEA termin\u00f3 su discurso con una exhortaci\u00f3n a legisladores, pol\u00edticos y l\u00edderes de gobierno a disponerse a escuchar, a aprender y a entender estas amenazas cr\u00edticas a nuestras sociedades, a ponerse de acuerdo en lo individual y colectivo para establecer marcos institucionales que implementen pol\u00edticas y medidas acordes con el Desarrollo Sostenible.<\/span><\/p>\n<\/p>\n<h6> 2010-11-17 20:11:07 <\/h6>\n<p><!--\n<link rel=\"stylesheet\" href=\"css\/bootstrap.min.css\">\n\n\n<ul class=\"pagination\">\n\t    \n\t\n\n<li >\n\t<a href='?page_no=30565'>Previous<\/a>\n\t<\/li>\n\n\n       \n    \n\n<li><a href='?page_no=1'>1<\/a><\/li>\n\n\n\n<li><a href='?page_no=2'>2<\/a><\/li>\n\n\n\n<li><a>...<\/a><\/li>\n\n\n\n<li><a href='?page_no=30564'>30564<\/a><\/li>\n\n\n\n<li><a href='?page_no=30565'>30565<\/a><\/li>\n\n\n\n<li class='active'><a>30566<\/a><\/li>\n\n\n\n<li><a href='?page_no=30567'>30567<\/a><\/li>\n\n\n\n<li><a href='?page_no=30568'>30568<\/a><\/li>\n\n\n\n<li><a>...<\/a><\/li>\n\n\n\n<li><a href='?page_no=31963'>31963<\/a><\/li>\n\n\n\n<li><a href='?page_no=31964'>31964<\/a><\/li>\n\n    \n\t\n\n<li >\n\t<a href='?page_no=30567'>Next<\/a>\n\t<\/li>\n\n\n    \n\n<li><a href='?page_no=31964'>Last &rsaquo;&rsaquo;<\/a><\/li>\n\n<\/ul>\n\n\n--><br \/>\n<\/body><\/p>\n","protected":false},"excerpt":{"rendered":"<p>Santo Domingo.- El Secretario General Adjunto de la Organizaci\u00f3n de Estados Americanos (OEA), Robert R. Ramdin, hizo este mi\u00e9rcoles desde Santo Domingo un llamamiento a la comunidad internacional a cumplir las promesas de reducir las emisiones de gases de efecto invernadero y el acceso a los fondos prometidos para la adaptaci\u00f3n al cambio clim\u00e1tico en [&hellip;]<\/p>\n","protected":false},"author":3,"featured_media":0,"comment_status":"open","ping_status":"open","sticky":false,"template":"","format":"standard","meta":{"footnotes":""},"categories":[24],"tags":[],"class_list":["post-155398","post","type-post","status-publish","format-standard","hentry","category-justicia-y-derecho"],"_links":{"self":[{"href":"https:\/\/diariodominicano.com\/index.php?rest_route=\/wp\/v2\/posts\/155398","targetHints":{"allow":["GET"]}}],"collection":[{"href":"https:\/\/diariodominicano.com\/index.php?rest_route=\/wp\/v2\/posts"}],"about":[{"href":"https:\/\/diariodominicano.com\/index.php?rest_route=\/wp\/v2\/types\/post"}],"author":[{"embeddable":true,"href":"https:\/\/diariodominicano.com\/index.php?rest_route=\/wp\/v2\/users\/3"}],"replies":[{"embeddable":true,"href":"https:\/\/diariodominicano.com\/index.php?rest_route=%2Fwp%2Fv2%2Fcomments&post=155398"}],"version-history":[{"count":0,"href":"https:\/\/diariodominicano.com\/index.php?rest_route=\/wp\/v2\/posts\/155398\/revisions"}],"wp:attachment":[{"href":"https:\/\/diariodominicano.com\/index.php?rest_route=%2Fwp%2Fv2%2Fmedia&parent=155398"}],"wp:term":[{"taxonomy":"category","embeddable":true,"href":"https:\/\/diariodominicano.com\/index.php?rest_route=%2Fwp%2Fv2%2Fcategories&post=155398"},{"taxonomy":"post_tag","embeddable":true,"href":"https:\/\/diariodominicano.com\/index.php?rest_route=%2Fwp%2Fv2%2Ftags&post=155398"}],"curies":[{"name":"wp","href":"https:\/\/api.w.org\/{rel}","templated":true}]}}