{"id":155397,"date":"2010-11-17T20:37:07","date_gmt":"2010-11-17T20:37:07","guid":{"rendered":"http:\/\/diariodominicano.ddns.net\/?p=155397"},"modified":"2010-11-17T20:37:07","modified_gmt":"2010-11-17T20:37:07","slug":"cancilleria-dominicana-define-desarrollo-sostenible-como-un-desafio-para-los-pueblos-y-los-gobiernos","status":"publish","type":"post","link":"https:\/\/diariodominicano.com\/?p=155397","title":{"rendered":"Canciller\u00eda dominicana define desarrollo sostenible como un desaf\u00edo para los pueblos y los gobiernos"},"content":{"rendered":"<p><body><\/p>\n<p><img decoding=\"async\" src=\"http:\/\/localhost:8080\/justiciayderecho\/img3\/trullols.JPG\" \/>  <\/p>\n<\/p>\n<p><span class=\"text1noticias\">Santo Domingo.- El desarrollo sostenible es un desaf\u00edo para los pueblos y para los gobiernos, consider\u00f3 este mi\u00e8rcoles el vicecanciller dominicano Jos\u00e9 Manuel Trullols, en el discurso que pronunci\u00f3 en la apertura de la Segunda Reuni\u00f3n de Ministros y Altas Autoridades de Desarrollo Sostenible que auspicia la OEA en Santo Domingo.<\/span><\/p>\n<\/p>\n<p><span class=\"text1noticias\">Por ello, urgi\u00f3 a los delegados de los 34 pa\u00edses participantes, incluido Estados Unidos, a intercambiar ideas, experiencias y buenas pr\u00e1cticas, para concretar compromisos favorables a esa situaci\u00f3n.<\/span><\/p>\n<\/p>\n<p><span class=\"text1noticias\">\tTrullols represent\u00f3 en este foro al ministro de Relaciones Exteriores, Carlos Morales Troncoso,  quien envi\u00f3 un mensaje de bienvenida a los participantes en este foro que tiene lugar en el Ministerio de Relaciones Exteriores, frente al Malec\u00f3n de la Capital, hasta el viernes pr\u00f3ximo.<\/span><\/p>\n<\/p>\n<p><span class=\"text1noticias\">Considero que el tema de desarrollo sostenible es una preocupaci\u00f3n y un esfuerzo con dimensiones globales, por lo que sugiri\u00f3 a todas las delegaciones compartir las formas en que cada pa\u00eds afronta este desaf\u00edo.<\/span><\/p>\n<\/p>\n<p><span class=\"text1noticias\">\t?El desarrollo sostenible fue la derivaci\u00f3n m\u00e1s trascendente de la preocupaci\u00f3n por la ecolog\u00eda, por la contaminaci\u00f3n ambiental y por el da\u00f1o irreparable que estaba causando  a los seres humanos y a todos los dem\u00e1s seres vivos del planeta?, coment\u00f3 Trullols.<\/span><\/p>\n<\/p>\n<p><span class=\"text1noticias\">\tDefini\u00f3 el desarrollo sostenible  como aquel que permite satisfacer las necesidades presentes sin comprometer, sin liquidar, la potencialidad para que las generaciones futuras satisfagan las suyas.<\/span><\/p>\n<\/p>\n<p><span class=\"text1noticias\">El vicecanciller reconoci\u00f3 que el concepto tiene dimensiones en  \u00e1reas como la econom\u00eda, la pol\u00edtica, lo social, lo medioambiental, la tecnolog\u00eda y la cultura, por lo que estim\u00f3 necesario hallar definiciones comunes en los debates para que haya acuerdos mutuamente satisfactorios a todas las naciones.<\/span><\/p>\n<\/p>\n<p><span class=\"text1noticias\">\tTrullols augur\u00f3 que resulten hist\u00f3ricos los resultados que ser\u00e1n adoptados al final del c\u00f3nclave en la Declaraci\u00f3n de Santo Domingo para el Desarrollo Sostenible de las Am\u00e9ricas.<\/span><\/p>\n<\/p>\n<p><span class=\"text1noticias\">Manifest\u00f3 su esperanza de que dicha Declaraci\u00f3n sea una gu\u00eda para la Organizaci\u00f3n de Estados Americanos en desarrollo sostenible en el porvenir, y que sirva para reactivar las reuniones regulares de la Comisi\u00f3n Interamericana para el Desarrollo Sostenible.<\/span><\/p>\n<\/p>\n<h6> 2010-11-17 20:37:07 <\/h6>\n<p><!--\n<link rel=\"stylesheet\" href=\"css\/bootstrap.min.css\">\n\n\n<ul class=\"pagination\">\n\t    \n\t\n\n<li >\n\t<a href='?page_no=30564'>Previous<\/a>\n\t<\/li>\n\n\n       \n    \n\n<li><a href='?page_no=1'>1<\/a><\/li>\n\n\n\n<li><a href='?page_no=2'>2<\/a><\/li>\n\n\n\n<li><a>...<\/a><\/li>\n\n\n\n<li><a href='?page_no=30563'>30563<\/a><\/li>\n\n\n\n<li><a href='?page_no=30564'>30564<\/a><\/li>\n\n\n\n<li class='active'><a>30565<\/a><\/li>\n\n\n\n<li><a href='?page_no=30566'>30566<\/a><\/li>\n\n\n\n<li><a href='?page_no=30567'>30567<\/a><\/li>\n\n\n\n<li><a>...<\/a><\/li>\n\n\n\n<li><a href='?page_no=31963'>31963<\/a><\/li>\n\n\n\n<li><a href='?page_no=31964'>31964<\/a><\/li>\n\n    \n\t\n\n<li >\n\t<a href='?page_no=30566'>Next<\/a>\n\t<\/li>\n\n\n    \n\n<li><a href='?page_no=31964'>Last &rsaquo;&rsaquo;<\/a><\/li>\n\n<\/ul>\n\n\n--><br \/>\n<\/body><\/p>\n","protected":false},"excerpt":{"rendered":"<p>Santo Domingo.- El desarrollo sostenible es un desaf\u00edo para los pueblos y para los gobiernos, consider\u00f3 este mi\u00e8rcoles el vicecanciller dominicano Jos\u00e9 Manuel Trullols, en el discurso que pronunci\u00f3 en la apertura de la Segunda Reuni\u00f3n de Ministros y Altas Autoridades de Desarrollo Sostenible que auspicia la OEA en Santo Domingo. Por ello, urgi\u00f3 a [&hellip;]<\/p>\n","protected":false},"author":3,"featured_media":0,"comment_status":"open","ping_status":"open","sticky":false,"template":"","format":"standard","meta":{"footnotes":""},"categories":[24],"tags":[],"class_list":["post-155397","post","type-post","status-publish","format-standard","hentry","category-justicia-y-derecho"],"_links":{"self":[{"href":"https:\/\/diariodominicano.com\/index.php?rest_route=\/wp\/v2\/posts\/155397","targetHints":{"allow":["GET"]}}],"collection":[{"href":"https:\/\/diariodominicano.com\/index.php?rest_route=\/wp\/v2\/posts"}],"about":[{"href":"https:\/\/diariodominicano.com\/index.php?rest_route=\/wp\/v2\/types\/post"}],"author":[{"embeddable":true,"href":"https:\/\/diariodominicano.com\/index.php?rest_route=\/wp\/v2\/users\/3"}],"replies":[{"embeddable":true,"href":"https:\/\/diariodominicano.com\/index.php?rest_route=%2Fwp%2Fv2%2Fcomments&post=155397"}],"version-history":[{"count":0,"href":"https:\/\/diariodominicano.com\/index.php?rest_route=\/wp\/v2\/posts\/155397\/revisions"}],"wp:attachment":[{"href":"https:\/\/diariodominicano.com\/index.php?rest_route=%2Fwp%2Fv2%2Fmedia&parent=155397"}],"wp:term":[{"taxonomy":"category","embeddable":true,"href":"https:\/\/diariodominicano.com\/index.php?rest_route=%2Fwp%2Fv2%2Fcategories&post=155397"},{"taxonomy":"post_tag","embeddable":true,"href":"https:\/\/diariodominicano.com\/index.php?rest_route=%2Fwp%2Fv2%2Ftags&post=155397"}],"curies":[{"name":"wp","href":"https:\/\/api.w.org\/{rel}","templated":true}]}}