{"id":155395,"date":"2010-11-17T21:08:58","date_gmt":"2010-11-17T21:08:58","guid":{"rendered":"http:\/\/diariodominicano.ddns.net\/?p=155395"},"modified":"2010-11-17T21:08:58","modified_gmt":"2010-11-17T21:08:58","slug":"freddy-en-estado-delicado-de-salud","status":"publish","type":"post","link":"https:\/\/diariodominicano.com\/?p=155395","title":{"rendered":"Freddy en estado delicado de salud"},"content":{"rendered":"<p><body><\/p>\n<p><span class=\"text1noticias\">Santo Domingo.-Giancarlos Beras, hijo del presentador de televisi\u00f3n y humorista Freddy Beras Goico, describi\u00f3 este mi\u00e9rcoles como delicado el estado de salud de su progenitor.<\/span><\/p>\n<\/p>\n<p><span class=\"text1noticias\">A trav\u00e9s de su cuenta en Twitter, Giancarlo escribi\u00f3 \u00abmi padre est\u00e1 muy delicado de salud, nosotros estamos a su lado y s\u00e9 que ustedes desde all\u00e1 tambi\u00e9n. Gracias por el   respaldo\u00bb.<\/span><\/p>\n<\/p>\n<p><span class=\"text1noticias\">Agradece tambi\u00e9n los \u00abbellos mensajes\u00bb de solidaridad que recibe su familia, los cuales afirma \u00abson nuestra de fortaleza en estos momentos. Gracias\u00bb.<\/span><\/p>\n<\/p>\n<h6> 2010-11-17 21:08:58 <\/h6>\n<p><!--\n<link rel=\"stylesheet\" href=\"css\/bootstrap.min.css\">\n\n\n<ul class=\"pagination\">\n\t    \n\t\n\n<li >\n\t<a href='?page_no=30562'>Previous<\/a>\n\t<\/li>\n\n\n       \n    \n\n<li><a href='?page_no=1'>1<\/a><\/li>\n\n\n\n<li><a href='?page_no=2'>2<\/a><\/li>\n\n\n\n<li><a>...<\/a><\/li>\n\n\n\n<li><a href='?page_no=30561'>30561<\/a><\/li>\n\n\n\n<li><a href='?page_no=30562'>30562<\/a><\/li>\n\n\n\n<li class='active'><a>30563<\/a><\/li>\n\n\n\n<li><a href='?page_no=30564'>30564<\/a><\/li>\n\n\n\n<li><a href='?page_no=30565'>30565<\/a><\/li>\n\n\n\n<li><a>...<\/a><\/li>\n\n\n\n<li><a href='?page_no=31963'>31963<\/a><\/li>\n\n\n\n<li><a href='?page_no=31964'>31964<\/a><\/li>\n\n    \n\t\n\n<li >\n\t<a href='?page_no=30564'>Next<\/a>\n\t<\/li>\n\n\n    \n\n<li><a href='?page_no=31964'>Last &rsaquo;&rsaquo;<\/a><\/li>\n\n<\/ul>\n\n\n--><br \/>\n<\/body><\/p>\n","protected":false},"excerpt":{"rendered":"<p>Santo Domingo.-Giancarlos Beras, hijo del presentador de televisi\u00f3n y humorista Freddy Beras Goico, describi\u00f3 este mi\u00e9rcoles como delicado el estado de salud de su progenitor. A trav\u00e9s de su cuenta en Twitter, Giancarlo escribi\u00f3 \u00abmi padre est\u00e1 muy delicado de salud, nosotros estamos a su lado y s\u00e9 que ustedes desde all\u00e1 tambi\u00e9n. Gracias por [&hellip;]<\/p>\n","protected":false},"author":3,"featured_media":0,"comment_status":"open","ping_status":"open","sticky":false,"template":"","format":"standard","meta":{"footnotes":""},"categories":[24],"tags":[],"class_list":["post-155395","post","type-post","status-publish","format-standard","hentry","category-justicia-y-derecho"],"_links":{"self":[{"href":"https:\/\/diariodominicano.com\/index.php?rest_route=\/wp\/v2\/posts\/155395","targetHints":{"allow":["GET"]}}],"collection":[{"href":"https:\/\/diariodominicano.com\/index.php?rest_route=\/wp\/v2\/posts"}],"about":[{"href":"https:\/\/diariodominicano.com\/index.php?rest_route=\/wp\/v2\/types\/post"}],"author":[{"embeddable":true,"href":"https:\/\/diariodominicano.com\/index.php?rest_route=\/wp\/v2\/users\/3"}],"replies":[{"embeddable":true,"href":"https:\/\/diariodominicano.com\/index.php?rest_route=%2Fwp%2Fv2%2Fcomments&post=155395"}],"version-history":[{"count":0,"href":"https:\/\/diariodominicano.com\/index.php?rest_route=\/wp\/v2\/posts\/155395\/revisions"}],"wp:attachment":[{"href":"https:\/\/diariodominicano.com\/index.php?rest_route=%2Fwp%2Fv2%2Fmedia&parent=155395"}],"wp:term":[{"taxonomy":"category","embeddable":true,"href":"https:\/\/diariodominicano.com\/index.php?rest_route=%2Fwp%2Fv2%2Fcategories&post=155395"},{"taxonomy":"post_tag","embeddable":true,"href":"https:\/\/diariodominicano.com\/index.php?rest_route=%2Fwp%2Fv2%2Ftags&post=155395"}],"curies":[{"name":"wp","href":"https:\/\/api.w.org\/{rel}","templated":true}]}}