{"id":155394,"date":"2010-11-17T21:14:08","date_gmt":"2010-11-17T21:14:08","guid":{"rendered":"http:\/\/diariodominicano.ddns.net\/?p=155394"},"modified":"2010-11-17T21:14:08","modified_gmt":"2010-11-17T21:14:08","slug":"policia-descubre-fosa-con-cadaveres-proximo-avenida-majluta","status":"publish","type":"post","link":"https:\/\/diariodominicano.com\/?p=155394","title":{"rendered":"Polic\u00eda descubre fosa con cad\u00e1veres, pr\u00f3ximo avenida Majluta"},"content":{"rendered":"<p><body><\/p>\n<\/p>\n<p><span class=\"text1noticias\">Santo Domingo.-Autoridades policiales y del Instituto Nacional de Ciencias Forenses ?Inacif- realizan trabajos de excavaci\u00f3n en una fosa hallada en El Hig\u00fcero con restos humanos.<\/span><\/p>\n<\/p>\n<p><span class=\"text1noticias\"> Hasta el momento han sacado varias piezas, entre las que hay pies y brazos.<\/span><\/p>\n<\/p>\n<p><span class=\"text1noticias\">La fosa est\u00e1 en una zona boscosa en los alrededores de la avenida Jacobo Magluta, por las inmediaciones del aeropuerto Joaqu\u00edn Balaguer.<\/span><\/p>\n<\/p>\n<p><span class=\"text1noticias\">En la zona, que fue fuertemente militarizada, est\u00e1 el subjefe de la PN, V\u00edctor Campusano Jim\u00e9nez; el vocero de la instituci\u00f3n, Nelson Rosario, as\u00ed como miembros del Departamento de Homicidio y de la Polic\u00eda Cient\u00edfica.<\/span><\/p>\n<\/p>\n<p><span class=\"text1noticias\">Hasta el momento se desconoce la forma en que se produjo el hallazgo, pues no se ha querido ofrecer declaraciones a la prensa.<\/span><\/p>\n<\/p>\n<p><span class=\"text1noticias\">El vocero de la Polic\u00eda dijo que cuando concluyan los trabajos dar\u00e1n todos los detalles del hecho.<\/span><\/p>\n<\/p>\n<h6> 2010-11-17 21:14:08 <\/h6>\n<p><!--\n<link rel=\"stylesheet\" href=\"css\/bootstrap.min.css\">\n\n\n<ul class=\"pagination\">\n\t    \n\t\n\n<li >\n\t<a href='?page_no=30561'>Previous<\/a>\n\t<\/li>\n\n\n       \n    \n\n<li><a href='?page_no=1'>1<\/a><\/li>\n\n\n\n<li><a href='?page_no=2'>2<\/a><\/li>\n\n\n\n<li><a>...<\/a><\/li>\n\n\n\n<li><a href='?page_no=30560'>30560<\/a><\/li>\n\n\n\n<li><a href='?page_no=30561'>30561<\/a><\/li>\n\n\n\n<li class='active'><a>30562<\/a><\/li>\n\n\n\n<li><a href='?page_no=30563'>30563<\/a><\/li>\n\n\n\n<li><a href='?page_no=30564'>30564<\/a><\/li>\n\n\n\n<li><a>...<\/a><\/li>\n\n\n\n<li><a href='?page_no=31963'>31963<\/a><\/li>\n\n\n\n<li><a href='?page_no=31964'>31964<\/a><\/li>\n\n    \n\t\n\n<li >\n\t<a href='?page_no=30563'>Next<\/a>\n\t<\/li>\n\n\n    \n\n<li><a href='?page_no=31964'>Last &rsaquo;&rsaquo;<\/a><\/li>\n\n<\/ul>\n\n\n--><br \/>\n<\/body><\/p>\n","protected":false},"excerpt":{"rendered":"<p>Santo Domingo.-Autoridades policiales y del Instituto Nacional de Ciencias Forenses ?Inacif- realizan trabajos de excavaci\u00f3n en una fosa hallada en El Hig\u00fcero con restos humanos. Hasta el momento han sacado varias piezas, entre las que hay pies y brazos. La fosa est\u00e1 en una zona boscosa en los alrededores de la avenida Jacobo Magluta, por [&hellip;]<\/p>\n","protected":false},"author":3,"featured_media":0,"comment_status":"open","ping_status":"open","sticky":false,"template":"","format":"standard","meta":{"footnotes":""},"categories":[24],"tags":[],"class_list":["post-155394","post","type-post","status-publish","format-standard","hentry","category-justicia-y-derecho"],"_links":{"self":[{"href":"https:\/\/diariodominicano.com\/index.php?rest_route=\/wp\/v2\/posts\/155394","targetHints":{"allow":["GET"]}}],"collection":[{"href":"https:\/\/diariodominicano.com\/index.php?rest_route=\/wp\/v2\/posts"}],"about":[{"href":"https:\/\/diariodominicano.com\/index.php?rest_route=\/wp\/v2\/types\/post"}],"author":[{"embeddable":true,"href":"https:\/\/diariodominicano.com\/index.php?rest_route=\/wp\/v2\/users\/3"}],"replies":[{"embeddable":true,"href":"https:\/\/diariodominicano.com\/index.php?rest_route=%2Fwp%2Fv2%2Fcomments&post=155394"}],"version-history":[{"count":0,"href":"https:\/\/diariodominicano.com\/index.php?rest_route=\/wp\/v2\/posts\/155394\/revisions"}],"wp:attachment":[{"href":"https:\/\/diariodominicano.com\/index.php?rest_route=%2Fwp%2Fv2%2Fmedia&parent=155394"}],"wp:term":[{"taxonomy":"category","embeddable":true,"href":"https:\/\/diariodominicano.com\/index.php?rest_route=%2Fwp%2Fv2%2Fcategories&post=155394"},{"taxonomy":"post_tag","embeddable":true,"href":"https:\/\/diariodominicano.com\/index.php?rest_route=%2Fwp%2Fv2%2Ftags&post=155394"}],"curies":[{"name":"wp","href":"https:\/\/api.w.org\/{rel}","templated":true}]}}