{"id":155393,"date":"2010-11-17T21:28:07","date_gmt":"2010-11-17T21:28:07","guid":{"rendered":"http:\/\/diariodominicano.ddns.net\/?p=155393"},"modified":"2010-11-17T21:28:07","modified_gmt":"2010-11-17T21:28:07","slug":"muertos-por-colera-en-haiti-llegan-a-1110","status":"publish","type":"post","link":"https:\/\/diariodominicano.com\/?p=155393","title":{"rendered":"Muertos por  c\u00f3lera  en Hait\u00ed llegan a 1,110"},"content":{"rendered":"<p><body><\/p>\n<p><img decoding=\"async\" src=\"http:\/\/localhost:8080\/justiciayderecho\/img3\/haitiano enfermo colera.jpg\" \/>  <\/p>\n<\/p>\n<\/p>\n<p><span class=\"text1noticias\">Puerto Pr\u00edncipe,.- El n\u00famero de muertos a causa de la epidemia de c\u00f3lera que afecta a Hait\u00ed se elev\u00f3 a 1.110, mientras que los hospitalizados totalizaron 18.382, seg\u00fan los datos suministrados hoy por las autoridades sanitarias.<\/span><\/p>\n<\/p>\n<p><span class=\"text1noticias\"> El informe del Ministerio de Salud Publica y Poblaci\u00f3n (MSPP), fechado el 15 de noviembre, precisa que 646 personas fallecieron en Artibonite (Norte), 145 en el departamento Norte, 137 en el Oeste, 89 en Plateau Central (Este), 86 en el Noroeste, seis en el Sur y uno en el Noreste.<\/span><\/p>\n<\/p>\n<p><span class=\"text1noticias\"> Las autoridades sanitarias anunciaron ayer los primeros tres casos confirmados de c\u00f3lera en el noreste, hasta entonces libre de la enfermedad, cuyos primeros casos se informaron el pasado 19 de octubre.<\/span><\/p>\n<\/p>\n<p><span class=\"text1noticias\">De los diez departamentos en los que est\u00e1 divido Hait\u00ed s\u00f3lo tres, el Sureste, Nippes y Grand Anse (suroeste) no han sido afectados por la enfermedad, que ya se extendi\u00f3 a la vecina Rep\u00fablica Dominicana.<\/span><\/p>\n<\/p>\n<p><span class=\"text1noticias\">Las autoridades dominicanas declararon ayer el primer caso de la epidemia, que afecta al ciudadano haitiano Wilmo Louwe, asentado en Hig\u00fcey (este del pa\u00eds), quien hab\u00eda visitado Hait\u00ed y a su regreso a la vecina naci\u00f3n comenz\u00f3 a presentar s\u00edntomas de c\u00f3lera. <\/span><\/p>\n<\/p>\n<h6> 2010-11-17 21:28:07 <\/h6>\n<p><!--\n<link rel=\"stylesheet\" href=\"css\/bootstrap.min.css\">\n\n\n<ul class=\"pagination\">\n\t    \n\t\n\n<li >\n\t<a href='?page_no=30560'>Previous<\/a>\n\t<\/li>\n\n\n       \n    \n\n<li><a href='?page_no=1'>1<\/a><\/li>\n\n\n\n<li><a href='?page_no=2'>2<\/a><\/li>\n\n\n\n<li><a>...<\/a><\/li>\n\n\n\n<li><a href='?page_no=30559'>30559<\/a><\/li>\n\n\n\n<li><a href='?page_no=30560'>30560<\/a><\/li>\n\n\n\n<li class='active'><a>30561<\/a><\/li>\n\n\n\n<li><a href='?page_no=30562'>30562<\/a><\/li>\n\n\n\n<li><a href='?page_no=30563'>30563<\/a><\/li>\n\n\n\n<li><a>...<\/a><\/li>\n\n\n\n<li><a href='?page_no=31963'>31963<\/a><\/li>\n\n\n\n<li><a href='?page_no=31964'>31964<\/a><\/li>\n\n    \n\t\n\n<li >\n\t<a href='?page_no=30562'>Next<\/a>\n\t<\/li>\n\n\n    \n\n<li><a href='?page_no=31964'>Last &rsaquo;&rsaquo;<\/a><\/li>\n\n<\/ul>\n\n\n--><br \/>\n<\/body><\/p>\n","protected":false},"excerpt":{"rendered":"<p>Puerto Pr\u00edncipe,.- El n\u00famero de muertos a causa de la epidemia de c\u00f3lera que afecta a Hait\u00ed se elev\u00f3 a 1.110, mientras que los hospitalizados totalizaron 18.382, seg\u00fan los datos suministrados hoy por las autoridades sanitarias. El informe del Ministerio de Salud Publica y Poblaci\u00f3n (MSPP), fechado el 15 de noviembre, precisa que 646 personas [&hellip;]<\/p>\n","protected":false},"author":3,"featured_media":0,"comment_status":"open","ping_status":"open","sticky":false,"template":"","format":"standard","meta":{"footnotes":""},"categories":[24],"tags":[],"class_list":["post-155393","post","type-post","status-publish","format-standard","hentry","category-justicia-y-derecho"],"_links":{"self":[{"href":"https:\/\/diariodominicano.com\/index.php?rest_route=\/wp\/v2\/posts\/155393","targetHints":{"allow":["GET"]}}],"collection":[{"href":"https:\/\/diariodominicano.com\/index.php?rest_route=\/wp\/v2\/posts"}],"about":[{"href":"https:\/\/diariodominicano.com\/index.php?rest_route=\/wp\/v2\/types\/post"}],"author":[{"embeddable":true,"href":"https:\/\/diariodominicano.com\/index.php?rest_route=\/wp\/v2\/users\/3"}],"replies":[{"embeddable":true,"href":"https:\/\/diariodominicano.com\/index.php?rest_route=%2Fwp%2Fv2%2Fcomments&post=155393"}],"version-history":[{"count":0,"href":"https:\/\/diariodominicano.com\/index.php?rest_route=\/wp\/v2\/posts\/155393\/revisions"}],"wp:attachment":[{"href":"https:\/\/diariodominicano.com\/index.php?rest_route=%2Fwp%2Fv2%2Fmedia&parent=155393"}],"wp:term":[{"taxonomy":"category","embeddable":true,"href":"https:\/\/diariodominicano.com\/index.php?rest_route=%2Fwp%2Fv2%2Fcategories&post=155393"},{"taxonomy":"post_tag","embeddable":true,"href":"https:\/\/diariodominicano.com\/index.php?rest_route=%2Fwp%2Fv2%2Ftags&post=155393"}],"curies":[{"name":"wp","href":"https:\/\/api.w.org\/{rel}","templated":true}]}}