{"id":155392,"date":"2010-11-17T21:34:45","date_gmt":"2010-11-17T21:34:45","guid":{"rendered":"http:\/\/diariodominicano.ddns.net\/?p=155392"},"modified":"2010-11-17T21:34:45","modified_gmt":"2010-11-17T21:34:45","slug":"equipo-politico-de-eligio-apoya-a-hipolito","status":"publish","type":"post","link":"https:\/\/diariodominicano.com\/?p=155392","title":{"rendered":"Equipo pol\u00edtico de Eligio apoya a Hip\u00f3lito"},"content":{"rendered":"<p><body><\/p>\n<p><span class=\"text1noticias\">Santo Domingo.-El equipo de Coordinadores del Proyecto Pol\u00edtico del ingeniero Eligio Jaques anunci\u00f3 este miercoles su respaldo a las aspiraciones del ex presidente de la Republica, ingeniero Hip\u00f3lito Mej\u00eda   para  encabezar  la candidatura presidencial del  Revolucionario Dominicano. <\/span><\/p>\n<\/p>\n<p><span class=\"text1noticias\">El ingeniero Nelson Garc\u00eda quien fungi\u00f3 de vocero de los ex seguidores de Eligio, en  Rueda de Prensa celebrada en un Restaurant de esta capital,  inform\u00f3 que tomaron esa decisi\u00f3n luego de una profunda y ponderada reflexi\u00f3n nacional en la cual  han primado los  acrisolados valores democr\u00e1ticos y de familia que han normado la conducta pol\u00edtica, p\u00fablica y privada de Hip\u00f3lito Mej\u00eda , as\u00ed como su demostrado amor al Partido Revolucionario Dominicano y por consiguiente a toda su militancia.<\/span><\/p>\n<\/p>\n<p><span class=\"text1noticias\">Tambi\u00e9n valoraron en el ex presidente Mej\u00eda, su   apego  a  los principios  enarbolados por el doctor Jos\u00e9 Francisco Pe\u00f1a G\u00f3mez,  su probada  honradez  y hombr\u00eda de bien,  su valiente  y  firme decisi\u00f3n de enfrentar  la desastrosa administraci\u00f3n peledeista.<\/span><\/p>\n<\/p>\n<p><span class=\"text1noticias\">Consideran  a Hip\u00f3lito Mej\u00eda  como el perredesita con la fuerza de voluntad y car\u00e1cter para detener esta decepcionante ola de delincuencia que azota  al pa\u00eds y, utilizando la autoridad  de  las instituciones del Estado, detenga la galopante e impune corrupci\u00f3n en que se desenvuelve la vida  de la sociedad dominicana de hoy.<\/span><\/p>\n<\/p>\n<p><span class=\"text1noticias\">Garc\u00eda, quien fue subsecretario de agricultura bajo  la direcci\u00f3n de Eligio, dijo que el ex mandatario  posee   una   demostrada  vocaci\u00f3n y capacidad  de  armonizar  las fuerzas internas  del  partido, las cuales,  junto a su  vasta y reflexionada experiencia  de  Estadista, se consolida en este momento como  el  perredeista con las mejores condiciones  para ser  el candidato que  pueda  llevar  a nuestro partido al poder.<\/span><\/p>\n<\/p>\n<p><span class=\"text1noticias\">?Nos comprometemos trabajar d\u00eda y  noche, como es nuestra costumbre, en todo el territorio nacional  para lograr que en Marzo gane la Convenci\u00f3n  y  en el 2012 gane abrumadoramente las  elecciones generales  y  ponga  en ejecuci\u00f3n  el ambicioso y necesario  Plan  de Naci\u00f3n que priorice  la inversi\u00f3n para lograr  el verdadero desarrollo de la gente fortaleciendo  y protegiendo  el trabajo  honrado de  los hombres  y mujeres de la Republica Dominicana?. dijo.<\/span><\/p>\n<\/p>\n<p><span class=\"text1noticias\"> ? Nuestra decisi\u00f3n est\u00e1 fundamentada en las motivaciones originales del proyecto ? Eligio Presidente? en el sentido de la urgente necesidad  de  que  nuestra organizaci\u00f3n  pol\u00edtica,  el  PRD,  logre la unidad interna, como condici\u00f3n SINE QUA NON para encabezar una amplia coalici\u00f3n de fuerzas  pol\u00edticas y sociales,  que sea capaz  de ganar  las  elecciones generales de  2012  y  cambiar  el rumbo de  la ineficiente  y equivocada  administraci\u00f3n p\u00fablica que actualmente tiene  el pa\u00eds?. Recalc\u00f3  Garc\u00eda.<\/span><\/p>\n<\/p>\n<p><span class=\"text1noticias\">Sin embargo, le recordaron a Jaques que su principal predica fue la de que nunca apoyar\u00edan la candidatura de Vargas Maldonado por sus acciones en contra de la unidad del  partido y  su irrespeto a la loable historia de miles de perredeistas, y a  los s\u00edmbolos  de la organizaci\u00f3n.<\/span><\/p>\n<\/p>\n<p><span class=\"text1noticias\">Nelson Garc\u00eda estuvo acompa\u00f1ado del ex diputado de Monte Cristi, Ram\u00f3n Pimentel ( Moreno Arias),  de Felicia Castillo, ex c\u00f3nsul en Hait\u00ed, Dar\u00edo Oleaga, Coordinador Nordeste,  Delio Luna, Coordinador de Bonao y La Vega,  Manuel Mateo, Coordinador de Barahona y Pedernales, Santo Valencia, Coordinador de Santo Domingo Oeste, Ram\u00f3n Mej\u00eda, Sto. Dgo.<\/span><\/p>\n<\/p>\n<p><span class=\"text1noticias\">Oeste, Arq. Lucy Jim\u00e9nez, Distrito Nacional, Johnny N\u00fa\u00f1ez Cruz, Coordinador municipio La Vega, Isidro Cruz, La Vega;    Valent\u00edn Capell\u00e1n, Coordinador  Ranchito, la Vega;     Leocadio Rosario Pe\u00f1a, Sabana Rey; Ing. In\u00e9s G\u00f3mez, La Vega.<\/span><\/p>\n<\/p>\n<p><span class=\"text1noticias\">Tambi\u00e9n la Ing. Eridania de Jes\u00fas San Francisco de Macor\u00eds; Juan Enr\u00edquez. Coordinador  Adjunto del nordeste; Jos\u00e9 Peralta, Coordinador de  Cenovi;     Aridio Fern\u00e1ndez, Coordinador  Las Guaranas; Hern\u00e1ndez Florencio, Coordinador  Adjunto, las Guaranas; Arismendi Almonte, Coordinador y enlace Monte Cristi;     Ram\u00f3n Alberto Beato, Coordinador de  Higuerito, Moca; Mercedes Rodr\u00edguez dirigente de  La Vega.<\/span><\/p>\n<\/p>\n<p><span class=\"text1noticias\">Adem\u00e1s, Jos\u00e9 Cruz ( Pirulo), Coordinador  de  Las Margas, Miguel Castillo , La Vega;  Dar\u00edo Bautista, La Vega;   Francisco Tiburcio, Coordinador de Jarabacoa;  Benjam\u00edn Cosme, Cutupu, La Vega;  Pablo Duran, Coordinador  Distrito Municipal de Taveras; Pedro Florentino, Coordinador  Jima Abajo; Ing. Hu\u00e1scar Espinal, La Vega,  Lic. Martin Galv\u00e1n, la Vega y  Baldemira Rivas, San Francisco de Macor\u00eds, Emilio S\u00e1nchez, Coordinador provincial de Mar\u00eda Trinidad S\u00e1nchez.<\/span><\/p>\n<\/p>\n<h6> 2010-11-17 21:34:45 <\/h6>\n<p><!--\n<link rel=\"stylesheet\" href=\"css\/bootstrap.min.css\">\n\n\n<ul class=\"pagination\">\n\t    \n\t\n\n<li >\n\t<a href='?page_no=30559'>Previous<\/a>\n\t<\/li>\n\n\n       \n    \n\n<li><a href='?page_no=1'>1<\/a><\/li>\n\n\n\n<li><a href='?page_no=2'>2<\/a><\/li>\n\n\n\n<li><a>...<\/a><\/li>\n\n\n\n<li><a href='?page_no=30558'>30558<\/a><\/li>\n\n\n\n<li><a href='?page_no=30559'>30559<\/a><\/li>\n\n\n\n<li class='active'><a>30560<\/a><\/li>\n\n\n\n<li><a href='?page_no=30561'>30561<\/a><\/li>\n\n\n\n<li><a href='?page_no=30562'>30562<\/a><\/li>\n\n\n\n<li><a>...<\/a><\/li>\n\n\n\n<li><a href='?page_no=31963'>31963<\/a><\/li>\n\n\n\n<li><a href='?page_no=31964'>31964<\/a><\/li>\n\n    \n\t\n\n<li >\n\t<a href='?page_no=30561'>Next<\/a>\n\t<\/li>\n\n\n    \n\n<li><a href='?page_no=31964'>Last &rsaquo;&rsaquo;<\/a><\/li>\n\n<\/ul>\n\n\n--><br \/>\n<\/body><\/p>\n","protected":false},"excerpt":{"rendered":"<p>Santo Domingo.-El equipo de Coordinadores del Proyecto Pol\u00edtico del ingeniero Eligio Jaques anunci\u00f3 este miercoles su respaldo a las aspiraciones del ex presidente de la Republica, ingeniero Hip\u00f3lito Mej\u00eda para encabezar la candidatura presidencial del Revolucionario Dominicano. El ingeniero Nelson Garc\u00eda quien fungi\u00f3 de vocero de los ex seguidores de Eligio, en Rueda de Prensa [&hellip;]<\/p>\n","protected":false},"author":3,"featured_media":0,"comment_status":"open","ping_status":"open","sticky":false,"template":"","format":"standard","meta":{"footnotes":""},"categories":[24],"tags":[],"class_list":["post-155392","post","type-post","status-publish","format-standard","hentry","category-justicia-y-derecho"],"_links":{"self":[{"href":"https:\/\/diariodominicano.com\/index.php?rest_route=\/wp\/v2\/posts\/155392","targetHints":{"allow":["GET"]}}],"collection":[{"href":"https:\/\/diariodominicano.com\/index.php?rest_route=\/wp\/v2\/posts"}],"about":[{"href":"https:\/\/diariodominicano.com\/index.php?rest_route=\/wp\/v2\/types\/post"}],"author":[{"embeddable":true,"href":"https:\/\/diariodominicano.com\/index.php?rest_route=\/wp\/v2\/users\/3"}],"replies":[{"embeddable":true,"href":"https:\/\/diariodominicano.com\/index.php?rest_route=%2Fwp%2Fv2%2Fcomments&post=155392"}],"version-history":[{"count":0,"href":"https:\/\/diariodominicano.com\/index.php?rest_route=\/wp\/v2\/posts\/155392\/revisions"}],"wp:attachment":[{"href":"https:\/\/diariodominicano.com\/index.php?rest_route=%2Fwp%2Fv2%2Fmedia&parent=155392"}],"wp:term":[{"taxonomy":"category","embeddable":true,"href":"https:\/\/diariodominicano.com\/index.php?rest_route=%2Fwp%2Fv2%2Fcategories&post=155392"},{"taxonomy":"post_tag","embeddable":true,"href":"https:\/\/diariodominicano.com\/index.php?rest_route=%2Fwp%2Fv2%2Ftags&post=155392"}],"curies":[{"name":"wp","href":"https:\/\/api.w.org\/{rel}","templated":true}]}}