{"id":155391,"date":"2010-11-17T21:43:59","date_gmt":"2010-11-17T21:43:59","guid":{"rendered":"http:\/\/diariodominicano.ddns.net\/?p=155391"},"modified":"2010-11-17T21:43:59","modified_gmt":"2010-11-17T21:43:59","slug":"rafael-camilo-proclama-que-rd-esta-obligada-a-revertir-el-drama-de-la-falta-de-viviendas","status":"publish","type":"post","link":"https:\/\/diariodominicano.com\/?p=155391","title":{"rendered":"Rafael Camilo proclama que RD est\u00e1 obligada a revertir el drama de la falta de viviendas"},"content":{"rendered":"<p><body><\/p>\n<\/p>\n<\/p>\n<p><span class=\"text1noticias\">SANTO DOMINGO.- La Rep\u00fablica Dominicana est\u00e1 en la obligaci\u00f3n de revertir la dram\u00e1tica situaci\u00f3n del creciente d\u00e9ficit habitacional que afecta a miles de familias dominicanas, implementando programas de construcci\u00f3n de viviendas a bajo costo, opin\u00f3 este mi\u00e9rcoles el licenciado Rafael Camilo.<\/span><\/p>\n<\/p>\n<p><span class=\"text1noticias\"> Camilo, director general de Aduanas y coordinador de la comisi\u00f3n oficial que elabor\u00f3 el proyecto de ley sobre desarrollo del mercado hipotecario y fideicomiso que se debate en el Senado, dijo que el gran reto del pa\u00eds es superar los niveles de inequidad en el rengl\u00f3n de la vivienda.<\/span><\/p>\n<\/p>\n<p><span class=\"text1noticias\">Al exponer  como orador principal en la apertura del seminario internacional \u00abFideicomiso en la Construcci\u00f3n como Instrumento para la Creaci\u00f3n de Viviendas de Bajo Costo: La Experiencia Colombiana\u00bb, Camilo  sostuvo que hay que cambiar la situaci\u00f3n dominicana, donde solamente los sectores de clase media hacia arriba pueden adquirir las viviendas que oferta el mercado local.<\/span><\/p>\n<\/p>\n<p><span class=\"text1noticias\">Manifest\u00f3 que reducir significativamente el d\u00e9ficit habitacional en la Rep\u00fablica Dominicana, que ronda el mill\u00f3n de viviendas,  se logra articulando mecanismos legales entre el sector privado y el Estado para lograr la construcci\u00f3n de casas de bajos costo.<\/span><\/p>\n<\/p>\n<p><span class=\"text1noticias\">En el evento  tambi\u00e9n participaron el ingeniero colombiano \u00c1lvaro Villota, gerente fundador de Norco, quien tuvo  a su cargo el tema ?Aspectos de la Fiducia en al Relaci\u00f3n Estatal-Empresarial?, y Carolina Lozano, vicepresidenta de FIDOBOGOTA, quien  habl\u00f3 sobre ?El Fidecomisos Inmobiliarios en Colombia?.<\/span><\/p>\n<\/p>\n<p><span class=\"text1noticias\"> <\/span><\/p>\n<\/p>\n<p><span class=\"text1noticias\"> En opini\u00f3n de Camilo la falta de vivienda est\u00e1 \u00edntimamente ligada a los niveles de pobreza y cit\u00f3 que ?en nuestro pa\u00eds las provincias m\u00e1s pobres, como Azua, El\u00edas Pi\u00f1a o Bahoruco, son las que tienen un d\u00e9ficit habitacional m\u00e1s alto?.<\/span><\/p>\n<\/p>\n<p><span class=\"text1noticias\">Explic\u00f3 que el nivel de ahorro de la Rep\u00fablica Dominicana siempre ha sido muy bajo, por los bajos ingresos, lo que motiva que la familia tenga muchas dificultades para obtener  pr\u00e9stamos hipotecarios.  <\/span><\/p>\n<\/p>\n<p><span class=\"text1noticias\">Dijo que adem\u00e1s de la escasa posibilidad que tiene una gran parte de la poblaci\u00f3n  de ahorrar para una vivienda, solo el 17 por ciento del dinero en la cartera de pr\u00e9stamos de la banca est\u00e1 dirigido a la adquisici\u00f3n  de  casas, siendo el fuerte de los pr\u00e9stamos el comercio y el consumo.<\/span><\/p>\n<\/p>\n<p><span class=\"text1noticias\">         Sostuvo que el proyecto de ley sobre desarrollo del mercado hipotecario busca dinamizar el sector construcci\u00f3n, permitiendo que familias de escasos recursos puedan adquirir una vivienda digna.<\/span><\/p>\n<\/p>\n<p><span class=\"text1noticias\">         El funcionario reiter\u00f3 que el proyecto no procura gastar el dinero acumulado en el Fondo de Pensiones, sino  que parte de esos recursos sean utilizados en el levantamiento de proyectos habitacionales a bajo costo.<\/span><\/p>\n<\/p>\n<p><span class=\"text1noticias\">          Explic\u00f3 que la pieza, que est\u00e1 en manos del Congreso Nacional, contempla viviendas cuyos costos no sobrepasen los dos millones de pesos y el pago de las mensualidades sea el mismo que los adquirientes pagan por el alquiler de la vivienda que ocupe la familia.<\/span><\/p>\n<\/p>\n<p><span class=\"text1noticias\">  En el evento, auspiciado por la DGA y la Asociaci\u00f3n  Dominicana de Constructores y Promotores de Viviendas (ACOPROVI),  tambi\u00e9n participaron  como oradores representantes de proyectos de viviendas a bajo costo que se ejecutan con \u00e9xito en Colombia y otras latitudes.<\/span><\/p>\n<p><span class=\"text1noticias\"> <\/span><\/p>\n<h6> 2010-11-17 21:43:59 <\/h6>\n<p><!--\n<link rel=\"stylesheet\" href=\"css\/bootstrap.min.css\">\n\n\n<ul class=\"pagination\">\n\t    \n\t\n\n<li >\n\t<a href='?page_no=30558'>Previous<\/a>\n\t<\/li>\n\n\n       \n    \n\n<li><a href='?page_no=1'>1<\/a><\/li>\n\n\n\n<li><a href='?page_no=2'>2<\/a><\/li>\n\n\n\n<li><a>...<\/a><\/li>\n\n\n\n<li><a href='?page_no=30557'>30557<\/a><\/li>\n\n\n\n<li><a href='?page_no=30558'>30558<\/a><\/li>\n\n\n\n<li class='active'><a>30559<\/a><\/li>\n\n\n\n<li><a href='?page_no=30560'>30560<\/a><\/li>\n\n\n\n<li><a href='?page_no=30561'>30561<\/a><\/li>\n\n\n\n<li><a>...<\/a><\/li>\n\n\n\n<li><a href='?page_no=31963'>31963<\/a><\/li>\n\n\n\n<li><a href='?page_no=31964'>31964<\/a><\/li>\n\n    \n\t\n\n<li >\n\t<a href='?page_no=30560'>Next<\/a>\n\t<\/li>\n\n\n    \n\n<li><a href='?page_no=31964'>Last &rsaquo;&rsaquo;<\/a><\/li>\n\n<\/ul>\n\n\n--><br \/>\n<\/body><\/p>\n","protected":false},"excerpt":{"rendered":"<p>SANTO DOMINGO.- La Rep\u00fablica Dominicana est\u00e1 en la obligaci\u00f3n de revertir la dram\u00e1tica situaci\u00f3n del creciente d\u00e9ficit habitacional que afecta a miles de familias dominicanas, implementando programas de construcci\u00f3n de viviendas a bajo costo, opin\u00f3 este mi\u00e9rcoles el licenciado Rafael Camilo. Camilo, director general de Aduanas y coordinador de la comisi\u00f3n oficial que elabor\u00f3 el [&hellip;]<\/p>\n","protected":false},"author":3,"featured_media":0,"comment_status":"open","ping_status":"open","sticky":false,"template":"","format":"standard","meta":{"footnotes":""},"categories":[24],"tags":[],"class_list":["post-155391","post","type-post","status-publish","format-standard","hentry","category-justicia-y-derecho"],"_links":{"self":[{"href":"https:\/\/diariodominicano.com\/index.php?rest_route=\/wp\/v2\/posts\/155391","targetHints":{"allow":["GET"]}}],"collection":[{"href":"https:\/\/diariodominicano.com\/index.php?rest_route=\/wp\/v2\/posts"}],"about":[{"href":"https:\/\/diariodominicano.com\/index.php?rest_route=\/wp\/v2\/types\/post"}],"author":[{"embeddable":true,"href":"https:\/\/diariodominicano.com\/index.php?rest_route=\/wp\/v2\/users\/3"}],"replies":[{"embeddable":true,"href":"https:\/\/diariodominicano.com\/index.php?rest_route=%2Fwp%2Fv2%2Fcomments&post=155391"}],"version-history":[{"count":0,"href":"https:\/\/diariodominicano.com\/index.php?rest_route=\/wp\/v2\/posts\/155391\/revisions"}],"wp:attachment":[{"href":"https:\/\/diariodominicano.com\/index.php?rest_route=%2Fwp%2Fv2%2Fmedia&parent=155391"}],"wp:term":[{"taxonomy":"category","embeddable":true,"href":"https:\/\/diariodominicano.com\/index.php?rest_route=%2Fwp%2Fv2%2Fcategories&post=155391"},{"taxonomy":"post_tag","embeddable":true,"href":"https:\/\/diariodominicano.com\/index.php?rest_route=%2Fwp%2Fv2%2Ftags&post=155391"}],"curies":[{"name":"wp","href":"https:\/\/api.w.org\/{rel}","templated":true}]}}