{"id":155390,"date":"2010-11-17T21:51:56","date_gmt":"2010-11-17T21:51:56","guid":{"rendered":"http:\/\/diariodominicano.ddns.net\/?p=155390"},"modified":"2010-11-17T21:51:56","modified_gmt":"2010-11-17T21:51:56","slug":"julio-cesar-valentin-dice-el-estado-y-la-fe-deben-marchar-separados","status":"publish","type":"post","link":"https:\/\/diariodominicano.com\/?p=155390","title":{"rendered":"Julio Cesar Valentin dice El Estado y la fe deben marchar separados"},"content":{"rendered":"<p><body><\/p>\n<p><strong><span class=\"text1noticias\">Santo Domingo, 15 de Nov 2010.-<\/span><\/strong><span class=\"text1noticias\"> Julio Cesar Valent\u00edn, senador por la provincia Santiago de los Caballeros y ex presidente de la C\u00e1mara de Diputados, afirm\u00f3 que por encima de la importancia de la fe, en las sociedades est\u00e1 la promesa republicana de que el Estado y la fe deben marchar separados. <\/span><\/p>\n<\/p>\n<p><span class=\"text1noticias\">?No creo en ninguna intromisi\u00f3n -ni de los medios-, sino es s\u00f3lo para escucharlos, orientarnos y alertarnos, pero estos poderes f\u00e1cticos no deben imponer las decisiones, por eso prefiero llegar hasta donde he llegado y no renunciar a una serie de valores?. Expreso el  senador<\/span><\/p>\n<\/p>\n<p><span class=\"text1noticias\">Las declaraciones del senador Valent\u00edn se produjeron en una entrevista concedida al coordinador de la Unidad de Poder Legislativo del Observatorio Pol\u00edtico Dominicano (OPD), Jos\u00e9 Mart\u00ednez Brito. La participaci\u00f3n del Senador forma parte de un ciclo de encuentros que realiza el OPD a los legisladores para conocer su trayectoria, su pensamiento pol\u00edtico y sus planes.<\/span><\/p>\n<\/p>\n<p><span class=\"text1noticias\">En sus declaraciones sobre la relaci\u00f3n Estado y fe, el senador Valent\u00edn expres\u00f3 que su posici\u00f3n no lo hace antirreligioso y que, de hecho, como republicano tiene claro que la fe juega un papel muy importante en las sociedades, ?pues sin \u00e9stas el mundo ser\u00eda una total desgracia?. Afirm\u00f3  pero que ?la educaci\u00f3n religiosa debe ser una responsabilidad familiar, no del Estado?.<\/span><\/p>\n<\/p>\n<p><span class=\"text1noticias\">El legislador explic\u00f3 que no teme enarbolar ideas claras de un personaje como Juan Bosch, que demostr\u00f3 que se puede contestarlo todo y crecer, aunque entiende que la modernidad exige un liderazgo que no sea tan pugnaz, pero que de ah\u00ed a ser un cobarde, hay mucha distancia.<\/span><\/p>\n<\/p>\n<p><span class=\"text1noticias\">?Sue\u00f1o con un Estado donde haya mucha estabilidad? No creo en la ambici\u00f3n por ambici\u00f3n, en siempre estar arriba por estar encima si no voy a producir transformaciones cualitativas que realmente merezcan el respeto y el aprecio de la ciudadan\u00eda?, fue otra de las afirmaciones que realiz\u00f3 Valent\u00edn, respondiendo a interrogantes sobre su paso de ser Presidente de la C\u00e1mara de Diputados a Senador por la Provincia Santiago de los Caballeros.<\/span><\/p>\n<\/p>\n<p><span class=\"text1noticias\">En la entrevista, el senador Valent\u00edn habla ampliamente sobre temas como el fondo de asistencia social de los legisladores (mejor conocido como ?barrilito?), las transformaciones que motoriz\u00f3 durante su presidencia en la C\u00e1mara de Diputados, las ONG de los legisladores, la Polic\u00eda Nacional, transparencia y feminismo.<\/span><\/p>\n<\/p>\n<h6> 2010-11-17 21:51:56 <\/h6>\n<p><!--\n<link rel=\"stylesheet\" href=\"css\/bootstrap.min.css\">\n\n\n<ul class=\"pagination\">\n\t    \n\t\n\n<li >\n\t<a href='?page_no=30557'>Previous<\/a>\n\t<\/li>\n\n\n       \n    \n\n<li><a href='?page_no=1'>1<\/a><\/li>\n\n\n\n<li><a href='?page_no=2'>2<\/a><\/li>\n\n\n\n<li><a>...<\/a><\/li>\n\n\n\n<li><a href='?page_no=30556'>30556<\/a><\/li>\n\n\n\n<li><a href='?page_no=30557'>30557<\/a><\/li>\n\n\n\n<li class='active'><a>30558<\/a><\/li>\n\n\n\n<li><a href='?page_no=30559'>30559<\/a><\/li>\n\n\n\n<li><a href='?page_no=30560'>30560<\/a><\/li>\n\n\n\n<li><a>...<\/a><\/li>\n\n\n\n<li><a href='?page_no=31963'>31963<\/a><\/li>\n\n\n\n<li><a href='?page_no=31964'>31964<\/a><\/li>\n\n    \n\t\n\n<li >\n\t<a href='?page_no=30559'>Next<\/a>\n\t<\/li>\n\n\n    \n\n<li><a href='?page_no=31964'>Last &rsaquo;&rsaquo;<\/a><\/li>\n\n<\/ul>\n\n\n--><br \/>\n<\/body><\/p>\n","protected":false},"excerpt":{"rendered":"<p>Santo Domingo, 15 de Nov 2010.- Julio Cesar Valent\u00edn, senador por la provincia Santiago de los Caballeros y ex presidente de la C\u00e1mara de Diputados, afirm\u00f3 que por encima de la importancia de la fe, en las sociedades est\u00e1 la promesa republicana de que el Estado y la fe deben marchar separados. ?No creo en [&hellip;]<\/p>\n","protected":false},"author":3,"featured_media":0,"comment_status":"open","ping_status":"open","sticky":false,"template":"","format":"standard","meta":{"footnotes":""},"categories":[24],"tags":[],"class_list":["post-155390","post","type-post","status-publish","format-standard","hentry","category-justicia-y-derecho"],"_links":{"self":[{"href":"https:\/\/diariodominicano.com\/index.php?rest_route=\/wp\/v2\/posts\/155390","targetHints":{"allow":["GET"]}}],"collection":[{"href":"https:\/\/diariodominicano.com\/index.php?rest_route=\/wp\/v2\/posts"}],"about":[{"href":"https:\/\/diariodominicano.com\/index.php?rest_route=\/wp\/v2\/types\/post"}],"author":[{"embeddable":true,"href":"https:\/\/diariodominicano.com\/index.php?rest_route=\/wp\/v2\/users\/3"}],"replies":[{"embeddable":true,"href":"https:\/\/diariodominicano.com\/index.php?rest_route=%2Fwp%2Fv2%2Fcomments&post=155390"}],"version-history":[{"count":0,"href":"https:\/\/diariodominicano.com\/index.php?rest_route=\/wp\/v2\/posts\/155390\/revisions"}],"wp:attachment":[{"href":"https:\/\/diariodominicano.com\/index.php?rest_route=%2Fwp%2Fv2%2Fmedia&parent=155390"}],"wp:term":[{"taxonomy":"category","embeddable":true,"href":"https:\/\/diariodominicano.com\/index.php?rest_route=%2Fwp%2Fv2%2Fcategories&post=155390"},{"taxonomy":"post_tag","embeddable":true,"href":"https:\/\/diariodominicano.com\/index.php?rest_route=%2Fwp%2Fv2%2Ftags&post=155390"}],"curies":[{"name":"wp","href":"https:\/\/api.w.org\/{rel}","templated":true}]}}