{"id":155387,"date":"2010-11-18T14:59:04","date_gmt":"2010-11-18T14:59:04","guid":{"rendered":"http:\/\/diariodominicano.ddns.net\/?p=155387"},"modified":"2010-11-18T14:59:04","modified_gmt":"2010-11-18T14:59:04","slug":"presidente-leonel-fernandez-destaca-labor-de-las-juntas-de-regantes-en-sistema-de-riego","status":"publish","type":"post","link":"https:\/\/diariodominicano.com\/?p=155387","title":{"rendered":"Presidente Leonel Fern\u00e1ndez destaca labor de las Juntas de Regantes en sistema de riego"},"content":{"rendered":"<p><body><\/p>\n<p><img decoding=\"async\" src=\"img3\/leonel.jpg\" \/>  <\/p>\n<p><span class=\"text1noticias\">Santo Domingo, 18 Nov 2010.- El presidente Leonel Fern\u00e1ndez resalt\u00f3 el aporte que realizan las organizaciones de regantes y los agricultores en las \u00e1reas bajo riego a la seguridad alimentaria, la econom\u00eda nacional y a la conservaci\u00f3n del agua, as\u00ed como su enorme contribuci\u00f3n a la paz social en el medio rural, al conmemorarse este 17 de noviembre el D\u00eda Nacional del Regante.<\/span><\/p>\n<\/p>\n<p><span class=\"text1noticias\">En un comunicado publicado en la prensa nacional, el mandatario expres\u00f3 que las Juntas de Regantes han asumido con mucha responsabilidad las tareas que les fueron delegadas por el Instituto Nacional de Recursos Hidr\u00e1ulicos (INDRHI) de administrar, operar y dar mantenimiento a los sistemas de riego, como parte de una pol\u00edtica oficial de descentralizaci\u00f3n.<\/span><\/p>\n<\/p>\n<p><span class=\"text1noticias\">Destac\u00f3 que ese proceso de transferencia ha adquirido reconocimiento no s\u00f3lo en el pa\u00eds, sino en el plano internacional, ya que cuando esa experiencia es compartida en congresos, conferencias, simposios, talleres y foros regionales y hemisf\u00e9ricos, motiva elogios en los citados escenarios. <\/span><\/p>\n<\/p>\n<p><span class=\"text1noticias\">\u00abReconozco que la experiencia del proceso de descentralizaci\u00f3n del servicio de riego y los logros de estos usuarios del agua organizados en asociaciones y Juntas de Regantes distribuidas en todo el pa\u00eds, merecen ser m\u00e1s resaltados, e inclusive proyectados hacia otros sectores, como ejemplo de una aut\u00e9ntica democracia, de la m\u00e1s leg\u00edtima representatividad y del empoderamiento pr\u00e1ctico y eficaz en la provisi\u00f3n de un servicio p\u00fablico\u00bb, expres\u00f3.<\/span><\/p>\n<\/p>\n<p><span class=\"text1noticias\">Fern\u00e1ndez destac\u00f3 que tanto el INDRHI como las Juntas de Regantes constituyen ya un referente importante para pa\u00edses hermanos y delegaciones de \u00e9stos que son atra\u00eddas a nuestro pa\u00eds para conocer esa rica experiencia dominicana, interesados en emularla.<\/span><\/p>\n<\/p>\n<p><span class=\"text1noticias\">\u00abAl repasar los avances, el reconocimiento y el bien ganado respeto que los regantes dominicanos tienen en su haber, no tengo dudas en afirmar que las organizaciones de usuarios de riego son un valor a preservar y consolidar\u00bb, afirm\u00f3.   <\/span><\/p>\n<\/p>\n<p><span class=\"text1noticias\">En el referido comunicado, el mandatario reiter\u00f3 un sincero mensaje de admiraci\u00f3n a ese conglomerado de valiosas mujeres y extraordinarios hombres productores de alimentos y de esperanzas para nuestra naci\u00f3n, y les rindi\u00f3 un humilde y ennoblecedor tributo.<\/span><\/p>\n<\/p>\n<p><span class=\"text1noticias\">Fern\u00e1ndez instituy\u00f3 el D\u00eda Nacional del Regante mediante el decreto n\u00famero 620 del a\u00f1o 2005, con la finalidad de reconocer los significativos aportes de los productores de las \u00e1reas bajo riego.<\/span><\/p>\n<h6> 2010-11-18 14:59:04 <\/h6>\n<p><!--\n<link rel=\"stylesheet\" href=\"css\/bootstrap.min.css\">\n\n\n<ul class=\"pagination\">\n\t    \n\t\n\n<li >\n\t<a href='?page_no=30554'>Previous<\/a>\n\t<\/li>\n\n\n       \n    \n\n<li><a href='?page_no=1'>1<\/a><\/li>\n\n\n\n<li><a href='?page_no=2'>2<\/a><\/li>\n\n\n\n<li><a>...<\/a><\/li>\n\n\n\n<li><a href='?page_no=30553'>30553<\/a><\/li>\n\n\n\n<li><a href='?page_no=30554'>30554<\/a><\/li>\n\n\n\n<li class='active'><a>30555<\/a><\/li>\n\n\n\n<li><a href='?page_no=30556'>30556<\/a><\/li>\n\n\n\n<li><a href='?page_no=30557'>30557<\/a><\/li>\n\n\n\n<li><a>...<\/a><\/li>\n\n\n\n<li><a href='?page_no=31963'>31963<\/a><\/li>\n\n\n\n<li><a href='?page_no=31964'>31964<\/a><\/li>\n\n    \n\t\n\n<li >\n\t<a href='?page_no=30556'>Next<\/a>\n\t<\/li>\n\n\n    \n\n<li><a href='?page_no=31964'>Last &rsaquo;&rsaquo;<\/a><\/li>\n\n<\/ul>\n\n\n--><br \/>\n<\/body><\/p>\n","protected":false},"excerpt":{"rendered":"<p>Santo Domingo, 18 Nov 2010.- El presidente Leonel Fern\u00e1ndez resalt\u00f3 el aporte que realizan las organizaciones de regantes y los agricultores en las \u00e1reas bajo riego a la seguridad alimentaria, la econom\u00eda nacional y a la conservaci\u00f3n del agua, as\u00ed como su enorme contribuci\u00f3n a la paz social en el medio rural, al conmemorarse este [&hellip;]<\/p>\n","protected":false},"author":3,"featured_media":0,"comment_status":"open","ping_status":"open","sticky":false,"template":"","format":"standard","meta":{"footnotes":""},"categories":[24],"tags":[],"class_list":["post-155387","post","type-post","status-publish","format-standard","hentry","category-justicia-y-derecho"],"_links":{"self":[{"href":"https:\/\/diariodominicano.com\/index.php?rest_route=\/wp\/v2\/posts\/155387","targetHints":{"allow":["GET"]}}],"collection":[{"href":"https:\/\/diariodominicano.com\/index.php?rest_route=\/wp\/v2\/posts"}],"about":[{"href":"https:\/\/diariodominicano.com\/index.php?rest_route=\/wp\/v2\/types\/post"}],"author":[{"embeddable":true,"href":"https:\/\/diariodominicano.com\/index.php?rest_route=\/wp\/v2\/users\/3"}],"replies":[{"embeddable":true,"href":"https:\/\/diariodominicano.com\/index.php?rest_route=%2Fwp%2Fv2%2Fcomments&post=155387"}],"version-history":[{"count":0,"href":"https:\/\/diariodominicano.com\/index.php?rest_route=\/wp\/v2\/posts\/155387\/revisions"}],"wp:attachment":[{"href":"https:\/\/diariodominicano.com\/index.php?rest_route=%2Fwp%2Fv2%2Fmedia&parent=155387"}],"wp:term":[{"taxonomy":"category","embeddable":true,"href":"https:\/\/diariodominicano.com\/index.php?rest_route=%2Fwp%2Fv2%2Fcategories&post=155387"},{"taxonomy":"post_tag","embeddable":true,"href":"https:\/\/diariodominicano.com\/index.php?rest_route=%2Fwp%2Fv2%2Ftags&post=155387"}],"curies":[{"name":"wp","href":"https:\/\/api.w.org\/{rel}","templated":true}]}}