{"id":155386,"date":"2010-11-18T15:06:27","date_gmt":"2010-11-18T15:06:27","guid":{"rendered":"http:\/\/diariodominicano.ddns.net\/?p=155386"},"modified":"2010-11-18T15:06:27","modified_gmt":"2010-11-18T15:06:27","slug":"beras-goico-murio-tranquilo-sin-dolor-en-paz-con-dios-dice-su-hijo","status":"publish","type":"post","link":"https:\/\/diariodominicano.com\/?p=155386","title":{"rendered":"Beras Goico \u00abmuri\u00f3 tranquilo, sin dolor, en paz con Dios\u00bb, dice su hijo"},"content":{"rendered":"<p><body><\/p>\n<p><img decoding=\"async\" src=\"http:\/\/localhost:8080\/justiciayderecho\/img3\/Freddy.JPG\" \/>  <\/p>\n<p><span class=\"text1noticias\">Santo Domingo, 18 Nov 2010.-  El hijo del  productor de televisi\u00f3n Freddy Beras Goico, Giancarlo Beras dijo este jueves que su padre estaba consciente de que iba a morir y se despidi\u00f3 de sus familiares quienes viajaron a Nueva York antes de su deceso.<\/span><\/p>\n<\/p>\n<p><span class=\"text1noticias\">Giancarlo se\u00f1al\u00f3 que al pasar pr\u00e1cticamente todo el d\u00eda durmiendo y que, pese a su gravedad, se encontraba estable,  los m\u00e9dicos decidieron destubarlo.<\/span><\/p>\n<\/p>\n<p><span class=\"text1noticias\">Agreg\u00f3 que el humorista hab\u00eda sido sometido a un tratamiento m\u00e1s intensivo pero las cosas fueron complic\u00e1ndose.<\/span><\/p>\n<\/p>\n<p><span class=\"text1noticias\">\u00abMuri\u00f3 tranquilo, sin dolor, en paz con Dios\u00bb, dijo Giancarlo Beras, al indicar que su deceso se produjo a las 3:00 de la ma\u00f1ana de este jueves.<\/span><\/p>\n<\/p>\n<p><span class=\"text1noticias\">\u00abEs un dolor muy fuerte, uno cree que est\u00e1 preparado para eso pero no lo est\u00e1\u00bb, declar\u00f3, luego de explicar que el cad\u00e1ver de Beras Goico ser\u00eda tra\u00eddo al pa\u00eds el viernes o el s\u00e1bado.<\/span><\/p>\n<h6> 2010-11-18 15:06:27 <\/h6>\n<p><!--\n<link rel=\"stylesheet\" href=\"css\/bootstrap.min.css\">\n\n\n<ul class=\"pagination\">\n\t    \n\t\n\n<li >\n\t<a href='?page_no=30553'>Previous<\/a>\n\t<\/li>\n\n\n       \n    \n\n<li><a href='?page_no=1'>1<\/a><\/li>\n\n\n\n<li><a href='?page_no=2'>2<\/a><\/li>\n\n\n\n<li><a>...<\/a><\/li>\n\n\n\n<li><a href='?page_no=30552'>30552<\/a><\/li>\n\n\n\n<li><a href='?page_no=30553'>30553<\/a><\/li>\n\n\n\n<li class='active'><a>30554<\/a><\/li>\n\n\n\n<li><a href='?page_no=30555'>30555<\/a><\/li>\n\n\n\n<li><a href='?page_no=30556'>30556<\/a><\/li>\n\n\n\n<li><a>...<\/a><\/li>\n\n\n\n<li><a href='?page_no=31963'>31963<\/a><\/li>\n\n\n\n<li><a href='?page_no=31964'>31964<\/a><\/li>\n\n    \n\t\n\n<li >\n\t<a href='?page_no=30555'>Next<\/a>\n\t<\/li>\n\n\n    \n\n<li><a href='?page_no=31964'>Last &rsaquo;&rsaquo;<\/a><\/li>\n\n<\/ul>\n\n\n--><br \/>\n<\/body><\/p>\n","protected":false},"excerpt":{"rendered":"<p>Santo Domingo, 18 Nov 2010.- El hijo del productor de televisi\u00f3n Freddy Beras Goico, Giancarlo Beras dijo este jueves que su padre estaba consciente de que iba a morir y se despidi\u00f3 de sus familiares quienes viajaron a Nueva York antes de su deceso. Giancarlo se\u00f1al\u00f3 que al pasar pr\u00e1cticamente todo el d\u00eda durmiendo y [&hellip;]<\/p>\n","protected":false},"author":3,"featured_media":0,"comment_status":"open","ping_status":"open","sticky":false,"template":"","format":"standard","meta":{"footnotes":""},"categories":[24],"tags":[],"class_list":["post-155386","post","type-post","status-publish","format-standard","hentry","category-justicia-y-derecho"],"_links":{"self":[{"href":"https:\/\/diariodominicano.com\/index.php?rest_route=\/wp\/v2\/posts\/155386","targetHints":{"allow":["GET"]}}],"collection":[{"href":"https:\/\/diariodominicano.com\/index.php?rest_route=\/wp\/v2\/posts"}],"about":[{"href":"https:\/\/diariodominicano.com\/index.php?rest_route=\/wp\/v2\/types\/post"}],"author":[{"embeddable":true,"href":"https:\/\/diariodominicano.com\/index.php?rest_route=\/wp\/v2\/users\/3"}],"replies":[{"embeddable":true,"href":"https:\/\/diariodominicano.com\/index.php?rest_route=%2Fwp%2Fv2%2Fcomments&post=155386"}],"version-history":[{"count":0,"href":"https:\/\/diariodominicano.com\/index.php?rest_route=\/wp\/v2\/posts\/155386\/revisions"}],"wp:attachment":[{"href":"https:\/\/diariodominicano.com\/index.php?rest_route=%2Fwp%2Fv2%2Fmedia&parent=155386"}],"wp:term":[{"taxonomy":"category","embeddable":true,"href":"https:\/\/diariodominicano.com\/index.php?rest_route=%2Fwp%2Fv2%2Fcategories&post=155386"},{"taxonomy":"post_tag","embeddable":true,"href":"https:\/\/diariodominicano.com\/index.php?rest_route=%2Fwp%2Fv2%2Ftags&post=155386"}],"curies":[{"name":"wp","href":"https:\/\/api.w.org\/{rel}","templated":true}]}}