{"id":155384,"date":"2010-11-18T15:30:00","date_gmt":"2010-11-18T15:30:00","guid":{"rendered":"http:\/\/diariodominicano.ddns.net\/?p=155384"},"modified":"2010-11-18T15:30:00","modified_gmt":"2010-11-18T15:30:00","slug":"presidente-fernandez-expresa-condolencias-por-muerte-de-freddy-beras-goico","status":"publish","type":"post","link":"https:\/\/diariodominicano.com\/?p=155384","title":{"rendered":"&#13;Presidente Fern\u00e1ndez expresa condolencias por muerte de Freddy Beras Goico"},"content":{"rendered":"<p><body><\/p>\n<p><img decoding=\"async\" src=\"http:\/\/localhost:8080\/justiciayderecho\/img3\/Freddy.JPG\" \/>  <\/p>\n<\/p>\n<p><span class=\"text1noticias\">Santo Domingo, 18 Nov 2010.- En carta enviada a la se\u00f1ora Pilar Mej\u00eda, viuda del humorista y productor Freddy Beras Goico, fallecido en la madrugada de este jueves en el hospital Mount Sinai de la ciudad de Nueva York, el presidente Leonel Fern\u00e1ndez expresa el profundo dolor por el que atraviesa la sociedad dominicana ante la triste partida de uno de los mejores exponentes de la comunicaci\u00f3n en la Rep\u00fablica Dominicana. <\/span><\/p>\n<\/p>\n<p><span class=\"text1noticias\">\u00abCon la partida de Freddy,  no solo est\u00e1n de luto usted, sus hijos y allegados, sino toda la sociedad dominicana, que ha sabido reconocer en su esposo a un ser excepcional, dotado de cualidades profesionales y humanas invaluables\u00bb, expresa el mandatario en la misiva. <\/span><\/p>\n<\/p>\n<p><span class=\"text1noticias\">En la misma, Fern\u00e1ndez resalta las cualidades de Beras Goico, a quien define como ciudadano ejemplar cuya existencia la dedic\u00f3 a revolucionar la comunicaci\u00f3n y a emplearla como instrumento al servicio del bien com\u00fan. <\/span><\/p>\n<\/p>\n<p><span class=\"text1noticias\">\u00abEl gobierno dominicano siente la p\u00e9rdida de un hombre que supo jugar su rol de mediador en conflictos sociales y pol\u00edticos, y que con su gran vocaci\u00f3n de comunicador apel\u00f3 con energ\u00eda y entereza a la construcci\u00f3n de una mejor sociedad para todos sus conciudadanos\u00bb, agrega el texto del Jefe de Estado. <\/span><\/p>\n<\/p>\n<p><span class=\"text1noticias\">Con una oraci\u00f3n por el alma de Freddy Beras Goico y por la fortaleza de su esposa e hijos finaliza la misiva del presidente Fern\u00e1ndez, quien asegura que Beras Goico dej\u00f3 este mundo en paz.<\/span><\/p>\n<h6> 2010-11-18 15:30:00 <\/h6>\n<p><!--\n<link rel=\"stylesheet\" href=\"css\/bootstrap.min.css\">\n\n\n<ul class=\"pagination\">\n\t    \n\t\n\n<li >\n\t<a href='?page_no=30551'>Previous<\/a>\n\t<\/li>\n\n\n       \n    \n\n<li><a href='?page_no=1'>1<\/a><\/li>\n\n\n\n<li><a href='?page_no=2'>2<\/a><\/li>\n\n\n\n<li><a>...<\/a><\/li>\n\n\n\n<li><a href='?page_no=30550'>30550<\/a><\/li>\n\n\n\n<li><a href='?page_no=30551'>30551<\/a><\/li>\n\n\n\n<li class='active'><a>30552<\/a><\/li>\n\n\n\n<li><a href='?page_no=30553'>30553<\/a><\/li>\n\n\n\n<li><a href='?page_no=30554'>30554<\/a><\/li>\n\n\n\n<li><a>...<\/a><\/li>\n\n\n\n<li><a href='?page_no=31963'>31963<\/a><\/li>\n\n\n\n<li><a href='?page_no=31964'>31964<\/a><\/li>\n\n    \n\t\n\n<li >\n\t<a href='?page_no=30553'>Next<\/a>\n\t<\/li>\n\n\n    \n\n<li><a href='?page_no=31964'>Last &rsaquo;&rsaquo;<\/a><\/li>\n\n<\/ul>\n\n\n--><br \/>\n<\/body><\/p>\n","protected":false},"excerpt":{"rendered":"<p>Santo Domingo, 18 Nov 2010.- En carta enviada a la se\u00f1ora Pilar Mej\u00eda, viuda del humorista y productor Freddy Beras Goico, fallecido en la madrugada de este jueves en el hospital Mount Sinai de la ciudad de Nueva York, el presidente Leonel Fern\u00e1ndez expresa el profundo dolor por el que atraviesa la sociedad dominicana ante [&hellip;]<\/p>\n","protected":false},"author":3,"featured_media":0,"comment_status":"open","ping_status":"open","sticky":false,"template":"","format":"standard","meta":{"footnotes":""},"categories":[24],"tags":[],"class_list":["post-155384","post","type-post","status-publish","format-standard","hentry","category-justicia-y-derecho"],"_links":{"self":[{"href":"https:\/\/diariodominicano.com\/index.php?rest_route=\/wp\/v2\/posts\/155384","targetHints":{"allow":["GET"]}}],"collection":[{"href":"https:\/\/diariodominicano.com\/index.php?rest_route=\/wp\/v2\/posts"}],"about":[{"href":"https:\/\/diariodominicano.com\/index.php?rest_route=\/wp\/v2\/types\/post"}],"author":[{"embeddable":true,"href":"https:\/\/diariodominicano.com\/index.php?rest_route=\/wp\/v2\/users\/3"}],"replies":[{"embeddable":true,"href":"https:\/\/diariodominicano.com\/index.php?rest_route=%2Fwp%2Fv2%2Fcomments&post=155384"}],"version-history":[{"count":0,"href":"https:\/\/diariodominicano.com\/index.php?rest_route=\/wp\/v2\/posts\/155384\/revisions"}],"wp:attachment":[{"href":"https:\/\/diariodominicano.com\/index.php?rest_route=%2Fwp%2Fv2%2Fmedia&parent=155384"}],"wp:term":[{"taxonomy":"category","embeddable":true,"href":"https:\/\/diariodominicano.com\/index.php?rest_route=%2Fwp%2Fv2%2Fcategories&post=155384"},{"taxonomy":"post_tag","embeddable":true,"href":"https:\/\/diariodominicano.com\/index.php?rest_route=%2Fwp%2Fv2%2Ftags&post=155384"}],"curies":[{"name":"wp","href":"https:\/\/api.w.org\/{rel}","templated":true}]}}