{"id":155383,"date":"2010-11-18T15:42:27","date_gmt":"2010-11-18T15:42:27","guid":{"rendered":"http:\/\/diariodominicano.ddns.net\/?p=155383"},"modified":"2010-11-18T15:42:27","modified_gmt":"2010-11-18T15:42:27","slug":"expresidente-hipolito-mejia-expresa-pesar-muerte-de-beras-goico-al-igual-que-precandidato-presidencial-prd-luis-abinader","status":"publish","type":"post","link":"https:\/\/diariodominicano.com\/?p=155383","title":{"rendered":"Expresidente Hip\u00f3lito Mej\u00eda   expresa pesar muerte de Beras Goico, al igual que precandidato presidencial  PRD, Luis Abinader"},"content":{"rendered":"<p><body><\/p>\n<p><span class=\"text1noticias\">Santo Domingo, 18 Nov 2010.-El expresidente Hip\u00f3lito Mej\u00eda, y el precandidato presidencial. Lu\u00eds Abinader expresaron  su m\u00e1s sentido pesar  por el fallecimiento del humorista y productor de televisi\u00f3n Freddy Beras Goico ocurrida  a las 4:00 de la ma\u00f1ana de este jueves en la ciudad de New York.<\/span><\/p>\n<\/p>\n<p><span class=\"text1noticias\">En llamada telef\u00f3nica al programa El Gobierno de la Ma\u00f1ana, de la Z101, Mej\u00eda y Abinader coincidieron en se\u00f1alar que a Bera Goico la historia lo recordar\u00e1  como un hombre fuera de serie.<\/span><\/p>\n<\/p>\n<p><span class=\"text1noticias\">El humorista dominicano fue trasladado el cinco de noviembre pasado a la unidad de cuidados intensivos del hospital Mount Sinai Medical Center, de la ciudad de Nueva Cork afectado de una infecci\u00f3n en su cuerpo despu\u00e9s de ser sometido a una intervenci\u00f3n quir\u00fargica por un c\u00e1ncer en el p\u00e1ncreas en un hospital en Boston.<\/span><\/p>\n<\/p>\n<p><strong><span class=\"text1noticias\">Historial de Freddy<\/span><\/strong><\/p>\n<\/p>\n<p><span class=\"text1noticias\">Freddy Reinaldo Beras-Goico naci\u00f3 el 21 de noviembre de 1940 &#8211; 18 de  en Santa Cruz del Seibo y el pr\u00f3ximo domingo cumplir\u00eda 70 a\u00f1os de edad.<\/span><\/p>\n<\/p>\n<p><span class=\"text1noticias\">Era hijo de los se\u00f1ores Angolina Victoria Goico y M\u00e1ximo Ram\u00f3n Beras Rojas. Su infancia transcurri\u00f3 en un hogar humilde y unido que lo sac\u00f3 adelante junto a cuatro hermanos. <\/span><\/p>\n<\/p>\n<p><span class=\"text1noticias\">Durante los a\u00f1os de 1950, su familia huy\u00f3 de Rep\u00fablica Dominicana, debido al fuerte r\u00e9gimen dictatorial del mandatario Rafael Le\u00f3nidas Trujillo y se asentaron en Colombia, donde permaneci\u00f3 por varios a\u00f1os hasta volver a su pa\u00eds natal. Todo esto ayud\u00f3 para darle forma a su estilo \u00fanico de comedia, haci\u00e9ndolo bien conocido en todo el pa\u00eds.<\/span><\/p>\n<\/p>\n<p><span class=\"text1noticias\">Beras-Goico volvi\u00f3 a su pa\u00eds natal en los 60 y tom\u00f3 parte activa en la Revoluci\u00f3n de abril de 1965 del lado constitucionalista. Empez\u00f3 su carrera en la televisi\u00f3n trabajando como camar\u00f3grafo, luego actuando en publicidad y anuncios.<\/span><\/p>\n<\/p>\n<p><span class=\"text1noticias\">Empez\u00f3 creando shows de comedia para radio y TV, y conoci\u00f3 muchos amigos que se convirtieron, junto con \u00e9l, el mejor equipo c\u00f3mico de la televisi\u00f3n dominicana: Felipe Polanco, Cuqu\u00edn Victoria, Cecilia Garc\u00eda, el asesinado Milt\u00f3n Pel\u00e1ez, y otros m\u00e1s. Durante la mayor\u00eda de los bosquejos de la comedia, Beras Goico y sus agentes pod\u00edan raramente sofocar su risa, haciendo los actos m\u00e1s agradables. A veces, la risa de Beras Goico pod\u00eda resultar contagiosa, con de este modo pronto el elenco completo y el equipo comenz\u00f3 a sacudirse en intentos de controlar su propia risa. Muchas veces, Beras Goico y el equipo re\u00edan hasta llorar.<\/span><\/p>\n<\/p>\n<p><span class=\"text1noticias\">\u00c9l tambi\u00e9n cre\u00f3 su propio show semanal, El Gordo de la Semana, que se convirti\u00f3 en su programa de marca registrada y dur\u00f3 casi 30 a\u00f1os en el aire. Otros programas posteriores son: Punto Final, Con Freddy y Milagros y luego Con Freddy y Punto, donde comparte escenario con Felipe \u00abBoruga\u00bb Polanco, Carlos Alm\u00e1nzar, Luis\u00edn Jim\u00e9nez, Cuqu\u00edn Victoria y Pamela Sued.<\/span><\/p>\n<\/p>\n<p><span class=\"text1noticias\">En 2008 puso en circulaci\u00f3n su libro autobiogr\u00e1fico titulado \u00abParte De Mi Vida\u00bb.<\/span><\/p>\n<p><span class=\"text1noticias\">En 2010 saca otro libro llamado \u00abLa Columna de Freddy\u00bb.<\/span><\/p>\n<\/p>\n<p><span class=\"text1noticias\">Beras-Goico se cas\u00f3 dos veces, la primera con la cantante Luchy Vicioso durante los a\u00f1os 70, con quien procre\u00f3 3 hijos, Freddyn, Ernesto y Dayanara. Contrajo matrimonio por segunda vez con Pilar Mej\u00eda, con quien estuvo casado desde 1979 y con la que tuvo 2 hijos, Lisa Marie y Giancarlos.<\/span><\/p>\n<\/p>\n<p><span class=\"text1noticias\">Beras-Goico fue bien conocido por su trabajo filantr\u00f3pico, especialmente por la ayuda m\u00e9dica prove\u00edda para los dominicanos pobres a trav\u00e9s su fundaci\u00f3n y la Cl\u00ednica Corazones Unidos.<\/span><\/p>\n<\/p>\n<p><span class=\"text1noticias\">En 2007 Fue diagnosticado de c\u00e1ncer en el col\u00e9doco, que le afect\u00f3 4 ganglios.<\/span><\/p>\n<\/p>\n<p><span class=\"text1noticias\">Era primo de la estrella televisiva Charyt\u00edn y tambi\u00e9n del ex militar Pepe Goico.<\/span><\/p>\n<\/p>\n<p><span class=\"text1noticias\">Tambi\u00e9n era t\u00edo de la conductora de televisi\u00f3n Ivonne Beras hija de su hermano el fallecido psiquiatra M\u00e1ximo Beras-Goico, quien tambi\u00e9n muri\u00f3 un d\u00eda como hoy hace 12 a\u00f1os.<\/span><\/p>\n<\/p>\n<p><span class=\"text1noticias\">Fue nominado varias veces a los Premios Casandra en los cuales gan\u00f3 por mejor actor, por su actuaci\u00f3n en V\u00edctor Victoria, incluyendo un Soberano en 1986.<\/span><\/p>\n<\/p>\n<p><span class=\"text1noticias\">En el 2007 fue reconocido como \u00abHijo Ilustre\u00bb de la ciudad de Santo Domingo por el Ayuntamiento del Distrito Nacional y le entregaron una r\u00e9plica del Escudo Her\u00e1ldico.<\/span><\/p>\n<\/p>\n<p><span class=\"text1noticias\">En el 2008, la Secretar\u00eda de Estado de Cultura le otorg\u00f3 el galard\u00f3n de Gloria Nacional del Arte y la Comunicaci\u00f3n Cultural.<\/span><\/p>\n<h6> 2010-11-18 15:42:27 <\/h6>\n<p><!--\n<link rel=\"stylesheet\" href=\"css\/bootstrap.min.css\">\n\n\n<ul class=\"pagination\">\n\t    \n\t\n\n<li >\n\t<a href='?page_no=30550'>Previous<\/a>\n\t<\/li>\n\n\n       \n    \n\n<li><a href='?page_no=1'>1<\/a><\/li>\n\n\n\n<li><a href='?page_no=2'>2<\/a><\/li>\n\n\n\n<li><a>...<\/a><\/li>\n\n\n\n<li><a href='?page_no=30549'>30549<\/a><\/li>\n\n\n\n<li><a href='?page_no=30550'>30550<\/a><\/li>\n\n\n\n<li class='active'><a>30551<\/a><\/li>\n\n\n\n<li><a href='?page_no=30552'>30552<\/a><\/li>\n\n\n\n<li><a href='?page_no=30553'>30553<\/a><\/li>\n\n\n\n<li><a>...<\/a><\/li>\n\n\n\n<li><a href='?page_no=31963'>31963<\/a><\/li>\n\n\n\n<li><a href='?page_no=31964'>31964<\/a><\/li>\n\n    \n\t\n\n<li >\n\t<a href='?page_no=30552'>Next<\/a>\n\t<\/li>\n\n\n    \n\n<li><a href='?page_no=31964'>Last &rsaquo;&rsaquo;<\/a><\/li>\n\n<\/ul>\n\n\n--><br \/>\n<\/body><\/p>\n","protected":false},"excerpt":{"rendered":"<p>Santo Domingo, 18 Nov 2010.-El expresidente Hip\u00f3lito Mej\u00eda, y el precandidato presidencial. Lu\u00eds Abinader expresaron su m\u00e1s sentido pesar por el fallecimiento del humorista y productor de televisi\u00f3n Freddy Beras Goico ocurrida a las 4:00 de la ma\u00f1ana de este jueves en la ciudad de New York. En llamada telef\u00f3nica al programa El Gobierno de [&hellip;]<\/p>\n","protected":false},"author":3,"featured_media":0,"comment_status":"open","ping_status":"open","sticky":false,"template":"","format":"standard","meta":{"footnotes":""},"categories":[24],"tags":[],"class_list":["post-155383","post","type-post","status-publish","format-standard","hentry","category-justicia-y-derecho"],"_links":{"self":[{"href":"https:\/\/diariodominicano.com\/index.php?rest_route=\/wp\/v2\/posts\/155383","targetHints":{"allow":["GET"]}}],"collection":[{"href":"https:\/\/diariodominicano.com\/index.php?rest_route=\/wp\/v2\/posts"}],"about":[{"href":"https:\/\/diariodominicano.com\/index.php?rest_route=\/wp\/v2\/types\/post"}],"author":[{"embeddable":true,"href":"https:\/\/diariodominicano.com\/index.php?rest_route=\/wp\/v2\/users\/3"}],"replies":[{"embeddable":true,"href":"https:\/\/diariodominicano.com\/index.php?rest_route=%2Fwp%2Fv2%2Fcomments&post=155383"}],"version-history":[{"count":0,"href":"https:\/\/diariodominicano.com\/index.php?rest_route=\/wp\/v2\/posts\/155383\/revisions"}],"wp:attachment":[{"href":"https:\/\/diariodominicano.com\/index.php?rest_route=%2Fwp%2Fv2%2Fmedia&parent=155383"}],"wp:term":[{"taxonomy":"category","embeddable":true,"href":"https:\/\/diariodominicano.com\/index.php?rest_route=%2Fwp%2Fv2%2Fcategories&post=155383"},{"taxonomy":"post_tag","embeddable":true,"href":"https:\/\/diariodominicano.com\/index.php?rest_route=%2Fwp%2Fv2%2Ftags&post=155383"}],"curies":[{"name":"wp","href":"https:\/\/api.w.org\/{rel}","templated":true}]}}