{"id":155382,"date":"2010-11-18T17:55:56","date_gmt":"2010-11-18T17:55:56","guid":{"rendered":"http:\/\/diariodominicano.ddns.net\/?p=155382"},"modified":"2010-11-18T17:55:56","modified_gmt":"2010-11-18T17:55:56","slug":"instalan-unidad-en-el-hospital-jaime-mota-de-barahona-para-evaluar-posibles-casos-de-colera","status":"publish","type":"post","link":"https:\/\/diariodominicano.com\/?p=155382","title":{"rendered":"Instalan unidad en el hospital Jaime Mota de Barahona para evaluar posibles casos de C\u00f3lera"},"content":{"rendered":"<p><body><\/p>\n<p><img decoding=\"async\" src=\"http:\/\/localhost:8080\/justiciayderecho\/img3\/Doctores.JPG\" \/>  <\/p>\n<p><span class=\"text1noticias\">Barahona, 18 Nov 2010.- El hospital regional universitario Jaime Mota de esta ciudad, instal\u00f3 una  unidad de asistencia para evaluar posibles casos de C\u00f3lera en el Suroeste.<\/span><\/p>\n<p><span class=\"text1noticias\"> <\/span><\/p>\n<p><span class=\"text1noticias\">La informaci\u00f3n la dio a conocer, Gilberto Ariel Suero Cavallo, director del centro asistencial, quien estuvo acompa\u00f1ado por los doctores Cecil Quan, jefe de residencia medica y Eddy Gonz\u00e1lez, coordinador de la especialidad en Medicina Familiar  y Comunitaria.<\/span><\/p>\n<p><span class=\"text1noticias\"> <\/span><\/p>\n<p><span class=\"text1noticias\">Indic\u00f3 que el personal que trabajar\u00e1 en esa unidad ha sido capacitado por diversos especialistas para enfrentar esta enfermedad, que azota al vecino pa\u00eds de Hait\u00ed.<\/span><\/p>\n<p><span class=\"text1noticias\"> <\/span><\/p>\n<p><span class=\"text1noticias\">Se\u00f1al\u00f3 que esa unidad ha sido ubicada en las inmediaciones donde se construye la nueva emergencia del centro de salud, pr\u00f3ximo a las instalaciones de Rehabilitaci\u00f3n.<\/span><\/p>\n<p><span class=\"text1noticias\"> <\/span><\/p>\n<p><span class=\"text1noticias\">Expres\u00f3 que la sala se habilit\u00f3 producto de la l\u00ednea que ha trazado el ministerio de Salud, donde la capacitaci\u00f3n estuvo a cargo de la UPS que est\u00e1n trabajando en coordinaci\u00f3n con ellos.<\/span><\/p>\n<p><span class=\"text1noticias\"> <\/span><\/p>\n<p><span class=\"text1noticias\">\u00abExpertos con experiencia en Per\u00fa, donde hubo una epidemia en el 1991, y ellos adquirieron mucha experiencia en el manejo han capacitado nuestro personal\u00bb, subray\u00f3.<\/span><\/p>\n<p><span class=\"text1noticias\"> <\/span><\/p>\n<p><span class=\"text1noticias\">Recalc\u00f3 que esta unidad, es independiente a la emergencia del hospital regional universitario Jaime Mota, \u00abpero cuenta con toda la implementaci\u00f3n necesaria para atender a los pacientes con diarrea\u00bb.<\/span><\/p>\n<p><span class=\"text1noticias\"> <\/span><\/p>\n<p><span class=\"text1noticias\">Suero Cavallo se\u00f1al\u00f3 que la sala tiene mesas de examen, sala de rehidrataci\u00f3n oral, tiene sala cuando se necesite rehidratar al enfermo por la avenida, agua permanente, lavamanos y otras facilidades.<\/span><\/p>\n<p><span class=\"text1noticias\"> <\/span><\/p>\n<p><span class=\"text1noticias\">Se\u00f1al\u00f3 que la unidad estar\u00e1 bajo los galenos de la especialidad en Medicina Familiar y Comunitaria, de tercer y cuarto a\u00f1o, adem\u00e1s de las enfermeras entrenadas para cuidar pacientes sospechosos de c\u00f3lera.<\/span><\/p>\n<p><span class=\"text1noticias\"> <\/span><\/p>\n<p><span class=\"text1noticias\">Indic\u00f3 que el personal que trabajar\u00e1 en el \u00e1rea de la limpieza, tambi\u00e9n ha sido entrenado para ofrecer en todos los sentidos servicio de salud, ante cualquier eventualidad que se pueda presentar en este centro sanitario.<\/span><\/p>\n<p><span class=\"text1noticias\"> <\/span><\/p>\n<p><span class=\"text1noticias\">\u00abDe tal manera, todo paciente que llegue con un cuadro diarreico al hospital ser\u00e1 evaluado en esa unidad, y ah\u00ed el personal profesional determinar\u00e1 si es un caso sospechoso o no de c\u00f3lera\u00bb, apunt\u00f3.<\/span><\/p>\n<p><span class=\"text1noticias\"> <\/span><\/p>\n<p><span class=\"text1noticias\">Suero Cavallo dijo que la unidad estar\u00e1 ofreciendo sus servicios las 24 horas todos los d\u00edas.<\/span><\/p>\n<\/p>\n<\/p>\n<h6> 2010-11-18 17:55:56 <\/h6>\n<p><!--\n<link rel=\"stylesheet\" href=\"css\/bootstrap.min.css\">\n\n\n<ul class=\"pagination\">\n\t    \n\t\n\n<li >\n\t<a href='?page_no=30549'>Previous<\/a>\n\t<\/li>\n\n\n       \n    \n\n<li><a href='?page_no=1'>1<\/a><\/li>\n\n\n\n<li><a href='?page_no=2'>2<\/a><\/li>\n\n\n\n<li><a>...<\/a><\/li>\n\n\n\n<li><a href='?page_no=30548'>30548<\/a><\/li>\n\n\n\n<li><a href='?page_no=30549'>30549<\/a><\/li>\n\n\n\n<li class='active'><a>30550<\/a><\/li>\n\n\n\n<li><a href='?page_no=30551'>30551<\/a><\/li>\n\n\n\n<li><a href='?page_no=30552'>30552<\/a><\/li>\n\n\n\n<li><a>...<\/a><\/li>\n\n\n\n<li><a href='?page_no=31963'>31963<\/a><\/li>\n\n\n\n<li><a href='?page_no=31964'>31964<\/a><\/li>\n\n    \n\t\n\n<li >\n\t<a href='?page_no=30551'>Next<\/a>\n\t<\/li>\n\n\n    \n\n<li><a href='?page_no=31964'>Last &rsaquo;&rsaquo;<\/a><\/li>\n\n<\/ul>\n\n\n--><br \/>\n<\/body><\/p>\n","protected":false},"excerpt":{"rendered":"<p>Barahona, 18 Nov 2010.- El hospital regional universitario Jaime Mota de esta ciudad, instal\u00f3 una unidad de asistencia para evaluar posibles casos de C\u00f3lera en el Suroeste. La informaci\u00f3n la dio a conocer, Gilberto Ariel Suero Cavallo, director del centro asistencial, quien estuvo acompa\u00f1ado por los doctores Cecil Quan, jefe de residencia medica y Eddy [&hellip;]<\/p>\n","protected":false},"author":3,"featured_media":0,"comment_status":"open","ping_status":"open","sticky":false,"template":"","format":"standard","meta":{"footnotes":""},"categories":[24],"tags":[],"class_list":["post-155382","post","type-post","status-publish","format-standard","hentry","category-justicia-y-derecho"],"_links":{"self":[{"href":"https:\/\/diariodominicano.com\/index.php?rest_route=\/wp\/v2\/posts\/155382","targetHints":{"allow":["GET"]}}],"collection":[{"href":"https:\/\/diariodominicano.com\/index.php?rest_route=\/wp\/v2\/posts"}],"about":[{"href":"https:\/\/diariodominicano.com\/index.php?rest_route=\/wp\/v2\/types\/post"}],"author":[{"embeddable":true,"href":"https:\/\/diariodominicano.com\/index.php?rest_route=\/wp\/v2\/users\/3"}],"replies":[{"embeddable":true,"href":"https:\/\/diariodominicano.com\/index.php?rest_route=%2Fwp%2Fv2%2Fcomments&post=155382"}],"version-history":[{"count":0,"href":"https:\/\/diariodominicano.com\/index.php?rest_route=\/wp\/v2\/posts\/155382\/revisions"}],"wp:attachment":[{"href":"https:\/\/diariodominicano.com\/index.php?rest_route=%2Fwp%2Fv2%2Fmedia&parent=155382"}],"wp:term":[{"taxonomy":"category","embeddable":true,"href":"https:\/\/diariodominicano.com\/index.php?rest_route=%2Fwp%2Fv2%2Fcategories&post=155382"},{"taxonomy":"post_tag","embeddable":true,"href":"https:\/\/diariodominicano.com\/index.php?rest_route=%2Fwp%2Fv2%2Ftags&post=155382"}],"curies":[{"name":"wp","href":"https:\/\/api.w.org\/{rel}","templated":true}]}}