{"id":155381,"date":"2010-11-18T19:08:49","date_gmt":"2010-11-18T19:08:49","guid":{"rendered":"http:\/\/diariodominicano.ddns.net\/?p=155381"},"modified":"2010-11-18T19:08:49","modified_gmt":"2010-11-18T19:08:49","slug":"rector-de-la-uasd-llama-fortalecer-controles-en-la-frontera-para-evitar-propagacion-colera-en-la-republica-dominicana","status":"publish","type":"post","link":"https:\/\/diariodominicano.com\/?p=155381","title":{"rendered":"&#13;&#13;Rector de la UASD llama fortalecer controles en la frontera para evitar propagaci\u00f3n c\u00f3lera en la Rep\u00fablica Dominicana"},"content":{"rendered":"<p><body><\/p>\n<p><img decoding=\"async\" src=\"http:\/\/localhost:8080\/justiciayderecho\/img3\/FRANKLIN GARCIA, DECLARANDO.JPG\" \/>  <\/p>\n<\/p>\n<p><span class=\"text1noticias\">El rector de la Universidad Aut\u00f3noma de Santo Domingo (UASD),  doctor Franklin Garc\u00eda Ferm\u00edn,  consider\u00f3 este mi\u00e9rcoles que los niveles de control en la frontera deben ser fortalecidos, para evitar que a la Rep\u00fablica Dominicana sigan penetrando nacionales haitianos afectados por el c\u00f3lera.<\/span><\/p>\n<\/p>\n<p><span class=\"text1noticias\">Garc\u00eda Ferm\u00edn estim\u00f3 que tras el descubrimiento del primer caso de c\u00f3lera en el pa\u00eds, espec\u00edficamente en el municipio de Hig\u00fcey, las autoridades locales deben disponer que la frontera dom\u00ednico-haitiana, al tiempo de manifestar la disposici\u00f3n de la UASD de trabajar junto con las autoridades de Salud para acciones de prevenci\u00f3n y control. <\/span><\/p>\n<\/p>\n<p><span class=\"text1noticias\">Record\u00f3 que la academia estatal reactiv\u00f3 de inmediato su Comisi\u00f3n de Riesgos y Desastres, ante la epidemia de c\u00f3lera que afecta a la Rep\u00fablica Haitiana y que podr\u00eda llegar a nuestro pa\u00eds.  <\/span><\/p>\n<\/p>\n<p><span class=\"text1noticias\">Asimismo, consider\u00f3 que las autoridades deben emplearse a fondo para evitar que tras la detecci\u00f3n de ese primer caso de c\u00f3lera en el Este del pa\u00eds se presenten otras situaciones de personas afectadas y advirti\u00f3 que un posible brote de esa enfermedad afectar\u00eda seriamente al sector turismo.. <\/span><\/p>\n<\/p>\n<p><span class=\"text1noticias\">Garc\u00eda Ferm\u00edn se refiri\u00f3 a las recomendaciones emanadas de la Comisi\u00f3n de Riesgos y Desastres, que coordina el director de la escuela de Salud P\u00fablica de la UASD, maestro Miguel Catalino, como son el lavado de las manos con agua y jab\u00f3n o alcohol glicerinado despu\u00e9s de ir al ba\u00f1o y no consumir alimentos sin coser, ni vegetales sin lavar.<\/span><\/p>\n<p><span class=\"text1noticias\"> <\/span><\/p>\n<h6> 2010-11-18 19:08:49 <\/h6>\n<p><!--\n<link rel=\"stylesheet\" href=\"css\/bootstrap.min.css\">\n\n\n<ul class=\"pagination\">\n\t    \n\t\n\n<li >\n\t<a href='?page_no=30548'>Previous<\/a>\n\t<\/li>\n\n\n       \n    \n\n<li><a href='?page_no=1'>1<\/a><\/li>\n\n\n\n<li><a href='?page_no=2'>2<\/a><\/li>\n\n\n\n<li><a>...<\/a><\/li>\n\n\n\n<li><a href='?page_no=30547'>30547<\/a><\/li>\n\n\n\n<li><a href='?page_no=30548'>30548<\/a><\/li>\n\n\n\n<li class='active'><a>30549<\/a><\/li>\n\n\n\n<li><a href='?page_no=30550'>30550<\/a><\/li>\n\n\n\n<li><a href='?page_no=30551'>30551<\/a><\/li>\n\n\n\n<li><a>...<\/a><\/li>\n\n\n\n<li><a href='?page_no=31963'>31963<\/a><\/li>\n\n\n\n<li><a href='?page_no=31964'>31964<\/a><\/li>\n\n    \n\t\n\n<li >\n\t<a href='?page_no=30550'>Next<\/a>\n\t<\/li>\n\n\n    \n\n<li><a href='?page_no=31964'>Last &rsaquo;&rsaquo;<\/a><\/li>\n\n<\/ul>\n\n\n--><br \/>\n<\/body><\/p>\n","protected":false},"excerpt":{"rendered":"<p>El rector de la Universidad Aut\u00f3noma de Santo Domingo (UASD), doctor Franklin Garc\u00eda Ferm\u00edn, consider\u00f3 este mi\u00e9rcoles que los niveles de control en la frontera deben ser fortalecidos, para evitar que a la Rep\u00fablica Dominicana sigan penetrando nacionales haitianos afectados por el c\u00f3lera. Garc\u00eda Ferm\u00edn estim\u00f3 que tras el descubrimiento del primer caso de c\u00f3lera [&hellip;]<\/p>\n","protected":false},"author":3,"featured_media":0,"comment_status":"open","ping_status":"open","sticky":false,"template":"","format":"standard","meta":{"footnotes":""},"categories":[24],"tags":[],"class_list":["post-155381","post","type-post","status-publish","format-standard","hentry","category-justicia-y-derecho"],"_links":{"self":[{"href":"https:\/\/diariodominicano.com\/index.php?rest_route=\/wp\/v2\/posts\/155381","targetHints":{"allow":["GET"]}}],"collection":[{"href":"https:\/\/diariodominicano.com\/index.php?rest_route=\/wp\/v2\/posts"}],"about":[{"href":"https:\/\/diariodominicano.com\/index.php?rest_route=\/wp\/v2\/types\/post"}],"author":[{"embeddable":true,"href":"https:\/\/diariodominicano.com\/index.php?rest_route=\/wp\/v2\/users\/3"}],"replies":[{"embeddable":true,"href":"https:\/\/diariodominicano.com\/index.php?rest_route=%2Fwp%2Fv2%2Fcomments&post=155381"}],"version-history":[{"count":0,"href":"https:\/\/diariodominicano.com\/index.php?rest_route=\/wp\/v2\/posts\/155381\/revisions"}],"wp:attachment":[{"href":"https:\/\/diariodominicano.com\/index.php?rest_route=%2Fwp%2Fv2%2Fmedia&parent=155381"}],"wp:term":[{"taxonomy":"category","embeddable":true,"href":"https:\/\/diariodominicano.com\/index.php?rest_route=%2Fwp%2Fv2%2Fcategories&post=155381"},{"taxonomy":"post_tag","embeddable":true,"href":"https:\/\/diariodominicano.com\/index.php?rest_route=%2Fwp%2Fv2%2Ftags&post=155381"}],"curies":[{"name":"wp","href":"https:\/\/api.w.org\/{rel}","templated":true}]}}