{"id":155380,"date":"2010-11-18T19:17:12","date_gmt":"2010-11-18T19:17:12","guid":{"rendered":"http:\/\/diariodominicano.ddns.net\/?p=155380"},"modified":"2010-11-18T19:17:12","modified_gmt":"2010-11-18T19:17:12","slug":"procuraduria-lanza-campana-publicitaria-para-prevenir-violencia-de-genero","status":"publish","type":"post","link":"https:\/\/diariodominicano.com\/?p=155380","title":{"rendered":"Procuradur\u00eda lanza campa\u00f1a publicitaria para prevenir violencia de g\u00e9nero"},"content":{"rendered":"<p><body><\/p>\n<p><img decoding=\"async\" src=\"http:\/\/localhost:8080\/justiciayderecho\/img3\/radhames jimenez charla.JPG\" \/>  <\/p>\n<\/p>\n<p><span class=\"text1noticias\">Santo Domingo.- La Procuradur\u00eda General de la Rep\u00fablica present\u00f3 la campa\u00f1a denominada \u00abPoder y Control\u00bb, que consiste en seis spots publicitarios para  orientar a las v\u00edctimas de violencia, exhort\u00e1ndoles a que se autoexaminen y reconozcan que no deben  vivir bajo una situaci\u00f3n de agresi\u00f3n permanente por parte de sus parejas.<\/span><\/p>\n<\/p>\n<p><span class=\"text1noticias\">En la campa\u00f1a se orienta a las v\u00edctimas en el sentido de que tienen que buscar v\u00edas alternas de soluci\u00f3n entre ambos que eviten esos casos que lesionan la familia y la sociedad ya que producen da\u00f1os psicol\u00f3gicos irreparables.<\/span><\/p>\n<\/p>\n<p><span class=\"text1noticias\">Las palabras de bienvenida al acto que se efectu\u00f3 en el auditorio de la Procuradur\u00eda, y donde estuvieron presentes la Primera Dama Margarita Cede\u00f1o de Fern\u00e1ndez, y la ministra de la Mujer, Alejandrina Germ\u00e1n, fueron pronunciadas por el procurador Radham\u00e9s Jim\u00e9nez Pe\u00f1a.<\/span><\/p>\n<\/p>\n<p><span class=\"text1noticias\">En este escenario, el magistrado Jim\u00e9nez Pe\u00f1a advirti\u00f3 que no permitir\u00e1 que por debilidades del Ministerio P\u00fablico sigan muriendo mujeres a manos de sus parejas. <\/span><\/p>\n<\/p>\n<p><span class=\"text1noticias\">En tal sentido, dijo haber instruido a los fiscales de todo el pa\u00eds para que act\u00faen de manera inflexible en los casos de violencia de g\u00e9nero e intrafamiliar, mandando a las c\u00e1rceles a los abusadores.<\/span><\/p>\n<\/p>\n<p><span class=\"text1noticias\">De igual manera abog\u00f3 por la intensificaci\u00f3n de programas educativos y campa\u00f1as de orientaci\u00f3n como la denominada ?Poder y Control?, a los fines de prevenir y reducir las acciones violentas contra las mujeres. <\/span><\/p>\n<\/p>\n<p><span class=\"text1noticias\">Esto en raz\u00f3n de que a pesar de los programas y gran trabajo que realiza la Procuradur\u00eda General Adjunta para Asuntos de la Mujer que dirige Roxanna Reyes, durante el presente a\u00f1o se registrar\u00e1 una cantidad de muertes de mujeres a manos de sus parejas similar a las del a\u00f1o 2009.<\/span><\/p>\n<\/p>\n<p><span class=\"text1noticias\">Destac\u00f3 que la Procuradur\u00eda mantendr\u00e1 de manera firme y decidida su compa\u00f1a de ?Tolerancia Cero? contra la mujer, al tiempo de elogiar el papel de primer orden jugado por la magistrada Reyes para reducir los niveles de violencia.<\/span><\/p>\n<\/p>\n<p><span class=\"text1noticias\">La campa\u00f1a<\/span><\/p>\n<\/p>\n<p><span class=\"text1noticias\">La presentaci\u00f3n de la campa\u00f1a, que es una acci\u00f3n conjunta de la Procuradur\u00eda General de la Rep\u00fablica, el Ministerio de la Mujer, Agencia Espa\u00f1ola de Cooperaci\u00f3n Internacional para el Desarrollo (AECID) y el Fondo de Poblaci\u00f3n y Desarrollo de las Naciones Unidas (UNFPHA), estuvo a cargo de la magistrada Roxanna Reyes.<\/span><\/p>\n<\/p>\n<p><span class=\"text1noticias\">La campa\u00f1a se fundamenta en tres historias contadas tanto por las v\u00edctimas de violencia como por sus agresores, producida para ser transmitida por televisi\u00f3n, radio y prensa escrita. Su lanzamiento forma parte de las actividades que se realizan para conmemorar el 50 aniversario del  asesinado de las Hermanas Mirabal, ocurrida un 25 de noviembre, por lo que se declar\u00f3 la fecha como D\u00eda Mundial de la No Violencia contra las Mujeres.<\/span><\/p>\n<\/p>\n<p><span class=\"text1noticias\">Adem\u00e1s, se enmarca dentro de las acciones que lleva a cabo el Ministerio P\u00fablico a trav\u00e9s de la Procuradur\u00eda General Adjunta para Asuntos de la Mujer que dirige Roxanna Reyes, con su pol\u00edtica de Tolerancia Cero hacia la violencia contra las mujeres. <\/span><\/p>\n<\/p>\n<p><span class=\"text1noticias\">Caribbean Porter Novelli se encarg\u00f3 de la producci\u00f3n del los spots, mientras que la  realizaci\u00f3n fue de Panamericana Producciones. La se\u00f1ora Aidita Selman (CHIPS UNLIMITED) fue la productora general.<\/span><\/p>\n<\/p>\n<p><span class=\"text1noticias\">En la actividad estuvieron presentes adem\u00e1s, la presidenta del Consejo Nacional de Drogas, Mabel F\u00e9lix; la diputada Min\u00fa Tavares Mirabal, y el encargado de negocios de la Embajada de Espa\u00f1a en Rep\u00fablica Dominicana, Antonio Fern\u00e1ndez. <\/span><\/p>\n<\/p>\n<p><span class=\"text1noticias\">El acto cont\u00f3 con la  presentaci\u00f3n art\u00edstica de Cristal Marie, Maridalia Hern\u00e1ndez y Milly Quezada.<\/span><\/p>\n<p><span class=\"text1noticias\">Atenci\u00f3n a v\u00edctimas.<\/span><\/p>\n<\/p>\n<p><span class=\"text1noticias\">La magistrada Roxanna Reyes, como responsable de articular la pol\u00edtica criminal en todo el territorio sobre el abordaje, atenci\u00f3n a v\u00edctimas y la persecuci\u00f3n penal contra los agresores, inform\u00f3 que la Procuradur\u00eda General de la Rep\u00fablica tiene 13 unidades de para atender esos casos de manera r\u00e1pida, oportuna y efectiva, ubicadas en Hig\u00fcey, San Juan de la Maguana, Moca, San Pedro de Macor\u00eds, Salcedo, Bonao, Santiago, Distrito Nacional, Santo Domingo, Ban\u00ed, San Crist\u00f3bal, Puerto Plata,  La Vega y Nagua.<\/span><\/p>\n<\/p>\n<p><span class=\"text1noticias\">Dijo que las infraestructuras cuentan con espacio para servicios legales y especializados, con atenciones m\u00e9dicas y psic\u00f3logas forenses para la realizaci\u00f3n de los informes periciales.<\/span><\/p>\n<\/p>\n<p><span class=\"text1noticias\">Agreg\u00f3 que en adici\u00f3n a esto, el Ministerio P\u00fablico cuenta con 33 dependencias a nivel nacional, y  en algunos casos con fiscal\u00edas barriales como en el  Distrito Nacional y la provincia de Santo Domingo.<\/span><\/p>\n<\/p>\n<p><span class=\"text1noticias\">Agreg\u00f3 que existen adem\u00e1s, las direcciones Nacional de Atenci\u00f3n a V\u00edctimas que ofrece asistencia psicol\u00f3gica gratuita de todo tipo de delito, y la de Representaci\u00f3n Legal de V\u00edctimas y Testigos cuya funci\u00f3n es proveer sin costo asistencia legal a las v\u00edctimas.<\/span><\/p>\n<\/p>\n<p><span class=\"text1noticias\">Destac\u00f3 el Ministerio P\u00fablico tambi\u00e9n tiene en funcionamiento el Centro de Mujeres Sobrevivientes de Violencia Dom\u00e9stica, \u00fanico  que funciona en el pa\u00eds ubicado en el Distrito Nacional, y que se encarga de la asistencia psicol\u00f3gica y terap\u00e9utica de las v\u00edctimas que van saliendo de la ruta cr\u00edtica de la violencia dom\u00e9stica.<\/span><\/p>\n<\/p>\n<p><span class=\"text1noticias\">Adem\u00e1s, el Centro de Intervenci\u00f3n Conductual para Agresores establecido en el Distrito Nacional. Trabaja con el aprendizaje de la nueva masculinidad mediante el empleo de t\u00e9cnicas a estos fines a cargo de cualificados profesionales de la conducta.<\/span><\/p>\n<\/p>\n<p><span class=\"text1noticias\">Manifest\u00f3 que en procura de mejorar la calidad de la atenci\u00f3n, interact\u00faan con organizaciones gubernamentales como, el Ministerio de la Mujer, Poder Judicial, Polic\u00eda Nacional, entre otros. <\/span><\/p>\n<\/p>\n<p><span class=\"text1noticias\">De igual modo, organismos internacionales como, el Fondo de Poblaci\u00f3n y Desarrollo (UNFPA), la  AECID, Patronato de Ayuda a Casos de Mujeres Maltratadas (PACAM) y Plan Internacional,  entre otros.<\/span><\/p>\n<\/p>\n<p><span class=\"text1noticias\">Proyectos para el a\u00f1o 2011<\/span><\/p>\n<\/p>\n<p><span class=\"text1noticias\">Roxanna Reyes destac\u00f3 que en el pr\u00f3ximo a\u00f1o se continuar\u00e1n extendiendo el servicio a  las comunidades donde a\u00fan no est\u00e1n instaladas.  Tambi\u00e9n se incluir\u00e1n trabajadores sociales en todas las unidades y nombramiento de alguaciles para la citaci\u00f3n de los agresores, entre otras acciones.<\/span><\/p>\n<\/p>\n<h6> 2010-11-18 19:17:12 <\/h6>\n<p><!--\n<link rel=\"stylesheet\" href=\"css\/bootstrap.min.css\">\n\n\n<ul class=\"pagination\">\n\t    \n\t\n\n<li >\n\t<a href='?page_no=30547'>Previous<\/a>\n\t<\/li>\n\n\n       \n    \n\n<li><a href='?page_no=1'>1<\/a><\/li>\n\n\n\n<li><a href='?page_no=2'>2<\/a><\/li>\n\n\n\n<li><a>...<\/a><\/li>\n\n\n\n<li><a href='?page_no=30546'>30546<\/a><\/li>\n\n\n\n<li><a href='?page_no=30547'>30547<\/a><\/li>\n\n\n\n<li class='active'><a>30548<\/a><\/li>\n\n\n\n<li><a href='?page_no=30549'>30549<\/a><\/li>\n\n\n\n<li><a href='?page_no=30550'>30550<\/a><\/li>\n\n\n\n<li><a>...<\/a><\/li>\n\n\n\n<li><a href='?page_no=31963'>31963<\/a><\/li>\n\n\n\n<li><a href='?page_no=31964'>31964<\/a><\/li>\n\n    \n\t\n\n<li >\n\t<a href='?page_no=30549'>Next<\/a>\n\t<\/li>\n\n\n    \n\n<li><a href='?page_no=31964'>Last &rsaquo;&rsaquo;<\/a><\/li>\n\n<\/ul>\n\n\n--><br \/>\n<\/body><\/p>\n","protected":false},"excerpt":{"rendered":"<p>Santo Domingo.- La Procuradur\u00eda General de la Rep\u00fablica present\u00f3 la campa\u00f1a denominada \u00abPoder y Control\u00bb, que consiste en seis spots publicitarios para orientar a las v\u00edctimas de violencia, exhort\u00e1ndoles a que se autoexaminen y reconozcan que no deben vivir bajo una situaci\u00f3n de agresi\u00f3n permanente por parte de sus parejas. En la campa\u00f1a se orienta [&hellip;]<\/p>\n","protected":false},"author":3,"featured_media":0,"comment_status":"open","ping_status":"open","sticky":false,"template":"","format":"standard","meta":{"footnotes":""},"categories":[24],"tags":[],"class_list":["post-155380","post","type-post","status-publish","format-standard","hentry","category-justicia-y-derecho"],"_links":{"self":[{"href":"https:\/\/diariodominicano.com\/index.php?rest_route=\/wp\/v2\/posts\/155380","targetHints":{"allow":["GET"]}}],"collection":[{"href":"https:\/\/diariodominicano.com\/index.php?rest_route=\/wp\/v2\/posts"}],"about":[{"href":"https:\/\/diariodominicano.com\/index.php?rest_route=\/wp\/v2\/types\/post"}],"author":[{"embeddable":true,"href":"https:\/\/diariodominicano.com\/index.php?rest_route=\/wp\/v2\/users\/3"}],"replies":[{"embeddable":true,"href":"https:\/\/diariodominicano.com\/index.php?rest_route=%2Fwp%2Fv2%2Fcomments&post=155380"}],"version-history":[{"count":0,"href":"https:\/\/diariodominicano.com\/index.php?rest_route=\/wp\/v2\/posts\/155380\/revisions"}],"wp:attachment":[{"href":"https:\/\/diariodominicano.com\/index.php?rest_route=%2Fwp%2Fv2%2Fmedia&parent=155380"}],"wp:term":[{"taxonomy":"category","embeddable":true,"href":"https:\/\/diariodominicano.com\/index.php?rest_route=%2Fwp%2Fv2%2Fcategories&post=155380"},{"taxonomy":"post_tag","embeddable":true,"href":"https:\/\/diariodominicano.com\/index.php?rest_route=%2Fwp%2Fv2%2Ftags&post=155380"}],"curies":[{"name":"wp","href":"https:\/\/api.w.org\/{rel}","templated":true}]}}