{"id":155378,"date":"2010-11-18T19:42:24","date_gmt":"2010-11-18T19:42:24","guid":{"rendered":"http:\/\/diariodominicano.ddns.net\/?p=155378"},"modified":"2010-11-18T19:42:24","modified_gmt":"2010-11-18T19:42:24","slug":"pld-sostiene-muerte-de-freddy-beras-goico-es-una-perdida-irreparable-para-el-pais","status":"publish","type":"post","link":"https:\/\/diariodominicano.com\/?p=155378","title":{"rendered":"PLD sostiene muerte de Freddy Beras Goico es una perdida irreparable para el pa\u00eds"},"content":{"rendered":"<p><body><\/p>\n<p><span class=\"text1noticias\"> <\/span><\/p>\n<p><span class=\"text1noticias\">Para el Partido de la Liberaci\u00f3n Dominicana la muerte de Freddy Beras Goico es una irreparable perdida que producir\u00e1 un vac\u00edo profundo en la Republica Dominicana.<\/span><\/p>\n<p><span class=\"text1noticias\"> <\/span><\/p>\n<p><span class=\"text1noticias\">La organizaci\u00f3n pol\u00edtica mediante un despacho de prensa sostiene que como todo el pa\u00eds,  el PLD  se siente entristecido por la ingrata noticia que circul\u00f3 en  las primeras horas de este jueves.<\/span><\/p>\n<p><span class=\"text1noticias\"> <\/span><\/p>\n<p><span class=\"text1noticias\">\u00abHumorista, libretista, locutor, actor, productor y conductor de programas,  m\u00fasico. El mas completo artista dominicano y sobre todo, muy  humano, solidario, patriota\u00bb, resalta el PLD de las cualidades del fenecido comunicador.<\/span><\/p>\n<p><span class=\"text1noticias\"> <\/span><\/p>\n<p><span class=\"text1noticias\">Se explica en el despacho la eterna gratitud para con Freddy Beras Goico del PLD, porque siempre que le requiri\u00f3 dispuso de los medios y programas de televisi\u00f3n  que produc\u00eda y conduc\u00eda \u00abLo hizo con el Profesor Juan Bosch y con el compa\u00f1ero Presidente Leonel Fern\u00e1ndez, con el Partido, con el pais\u00bb, destaca.<\/span><\/p>\n<p><span class=\"text1noticias\"> <\/span><\/p>\n<p><span class=\"text1noticias\">Anota el partido morado en su nota que el Beras Goico fue un pilar en la denuncia responsable, en la defensa de la soberan\u00eda, de la nacionalidad.<\/span><\/p>\n<p><span class=\"text1noticias\"> <\/span><\/p>\n<p><span class=\"text1noticias\">\u00abInund\u00f3 de buen humor todo el pa\u00eds, pero tambi\u00e9n de buenos ejemplos y de reconocimientos a quien se merec\u00eda reconocer\u00bb se anota en el comentario editorial de La Voz del PLD, vocero radial del Partido de la Liberaci\u00f3n Dominicana.<\/span><\/p>\n<p><span class=\"text1noticias\"> <\/span><\/p>\n<p><span class=\"text1noticias\">\u00abHoy el Partido de la Liberaci\u00f3n Dominicana se pone de pie y tributa respeto y veneraci\u00f3n a un ser excepcional, un patriota, defensor siempre de su pueblo y de sus valores.  Descanse Paz, Don Freddy Beras Goico\u00bb, concluye el PLD el comentario de este d\u00eda de su \u00f3rgano radial.<\/span><\/p>\n<p><span class=\"text1noticias\">  <\/span><\/p>\n<p><span class=\"text1noticias\">C\u00e9sar Pi\u00f1a Toribio  lo define como hombre honesto e incorruptible<\/span><\/p>\n<p><span class=\"text1noticias\"> <\/span><\/p>\n<p><span class=\"text1noticias\">Dirigentes del Partido de la Liberaci\u00f3n Dominicana, mostraron este jueves pesar por el fallecimiento en la madrugada del humorista y comunicador dominicano Freddy Beras Goico en el Hospital Monte Sina\u00ed en New York.<\/span><\/p>\n<p><span class=\"text1noticias\"> <\/span><\/p>\n<p><span class=\"text1noticias\">C\u00e9sar Pina Toribio, miembro del Comit\u00e9 Pol\u00edtico del PLD manifest\u00f3 que con la muerte deBeras Goico, el  pa\u00eds pierde  una figura excepcional que llen\u00f3 espacios importantes durante las \u00faltimas cuatro d\u00e9cadas<\/span><\/p>\n<p><span class=\"text1noticias\"> <\/span><\/p>\n<p><span class=\"text1noticias\">El Ministro  de la Presidencia, defini\u00f3 al artista  como hombre honesto e incorruptible, sum\u00e1ndose a otros dirigentes del PLD como Melanio Paredes quien resalt\u00f3 el  sentir del pueblo por la partida de Freddy Beras Goico.<\/span><\/p>\n<p><span class=\"text1noticias\"> <\/span><\/p>\n<p><span class=\"text1noticias\">?\u00c9l, adem\u00e1s de haber sido el artista excepcional por su m\u00faltiples facetas,  ser\u00e1  recordarlo como un ciudadano de gran sentido de responsabilidad? manifest\u00f3 el Ministro de Educaci\u00f3n.  <\/span><\/p>\n<p><span class=\"text1noticias\"> <\/span><\/p>\n<p><span class=\"text1noticias\"> El miembro del Comit\u00e9 Central del PLD y ministro de Educaci\u00f3n Melanio Paredes dijo que las autoridades dominicanas har\u00e1n los posibles porque los restos del actor y libretista sean tra\u00eddos al pa\u00eds en el menor tiempo.<\/span><\/p>\n<p><span class=\"text1noticias\"> <\/span><\/p>\n<p><span class=\"text1noticias\">?Se que el presidente dar\u00e1 las instrucciones, dar\u00e1n todas las facilidades de lugar para que podamos tenerlo lo m\u00e1s pronto posible y rendir todos los honores que se merece?, se\u00f1al\u00f3 Paredes.<\/span><\/p>\n<p><span class=\"text1noticias\"> <\/span><\/p>\n<p><span class=\"text1noticias\">Melanio Paredes dijo adem\u00e1s que la partida de Freddy dado al grado de mediador y concertador que le caracteriz\u00f3 debe servir para que el pa\u00eds tan divido y tan diputado de una muestra de unidad nacional ante una figura tan emblem\u00e1tica como la de \u00e9l.<\/span><\/p>\n<p><span class=\"text1noticias\"> <\/span><\/p>\n<p><span class=\"text1noticias\">Por otro lado,  el tambi\u00e9n miembro del Comit\u00e9 Pol\u00edtico del PLD, Julio C\u00e9sar Valent\u00edn quien expres\u00f3 que como figura emblem\u00e1tica el comunicador Freddy Beras Goico debe servir como referente para la promoci\u00f3n de los  buenos valores que precisa la sociedad dominicana<\/span><\/p>\n<p><span class=\"text1noticias\"> <\/span><\/p>\n<p><span class=\"text1noticias\">\u00abUna persona que demostr\u00f3 capacidad, integridad y sobre todo compromiso con la edificaci\u00f3n de una buena Rep\u00fablica Dominicana, desde los \u00e1mbito en que se desempe\u00f1\u00f3\u00bb, acot\u00f3 el senador pelede\u00edsta por la provincia de Santiago.<\/span><\/p>\n<p><span class=\"text1noticias\"> <\/span><\/p>\n<\/p>\n<h6> 2010-11-18 19:42:24 <\/h6>\n<p><!--\n<link rel=\"stylesheet\" href=\"css\/bootstrap.min.css\">\n\n\n<ul class=\"pagination\">\n\t    \n\t\n\n<li >\n\t<a href='?page_no=30545'>Previous<\/a>\n\t<\/li>\n\n\n       \n    \n\n<li><a href='?page_no=1'>1<\/a><\/li>\n\n\n\n<li><a href='?page_no=2'>2<\/a><\/li>\n\n\n\n<li><a>...<\/a><\/li>\n\n\n\n<li><a href='?page_no=30544'>30544<\/a><\/li>\n\n\n\n<li><a href='?page_no=30545'>30545<\/a><\/li>\n\n\n\n<li class='active'><a>30546<\/a><\/li>\n\n\n\n<li><a href='?page_no=30547'>30547<\/a><\/li>\n\n\n\n<li><a href='?page_no=30548'>30548<\/a><\/li>\n\n\n\n<li><a>...<\/a><\/li>\n\n\n\n<li><a href='?page_no=31963'>31963<\/a><\/li>\n\n\n\n<li><a href='?page_no=31964'>31964<\/a><\/li>\n\n    \n\t\n\n<li >\n\t<a href='?page_no=30547'>Next<\/a>\n\t<\/li>\n\n\n    \n\n<li><a href='?page_no=31964'>Last &rsaquo;&rsaquo;<\/a><\/li>\n\n<\/ul>\n\n\n--><br \/>\n<\/body><\/p>\n","protected":false},"excerpt":{"rendered":"<p>Para el Partido de la Liberaci\u00f3n Dominicana la muerte de Freddy Beras Goico es una irreparable perdida que producir\u00e1 un vac\u00edo profundo en la Republica Dominicana. La organizaci\u00f3n pol\u00edtica mediante un despacho de prensa sostiene que como todo el pa\u00eds, el PLD se siente entristecido por la ingrata noticia que circul\u00f3 en las primeras horas [&hellip;]<\/p>\n","protected":false},"author":3,"featured_media":0,"comment_status":"open","ping_status":"open","sticky":false,"template":"","format":"standard","meta":{"footnotes":""},"categories":[24],"tags":[],"class_list":["post-155378","post","type-post","status-publish","format-standard","hentry","category-justicia-y-derecho"],"_links":{"self":[{"href":"https:\/\/diariodominicano.com\/index.php?rest_route=\/wp\/v2\/posts\/155378","targetHints":{"allow":["GET"]}}],"collection":[{"href":"https:\/\/diariodominicano.com\/index.php?rest_route=\/wp\/v2\/posts"}],"about":[{"href":"https:\/\/diariodominicano.com\/index.php?rest_route=\/wp\/v2\/types\/post"}],"author":[{"embeddable":true,"href":"https:\/\/diariodominicano.com\/index.php?rest_route=\/wp\/v2\/users\/3"}],"replies":[{"embeddable":true,"href":"https:\/\/diariodominicano.com\/index.php?rest_route=%2Fwp%2Fv2%2Fcomments&post=155378"}],"version-history":[{"count":0,"href":"https:\/\/diariodominicano.com\/index.php?rest_route=\/wp\/v2\/posts\/155378\/revisions"}],"wp:attachment":[{"href":"https:\/\/diariodominicano.com\/index.php?rest_route=%2Fwp%2Fv2%2Fmedia&parent=155378"}],"wp:term":[{"taxonomy":"category","embeddable":true,"href":"https:\/\/diariodominicano.com\/index.php?rest_route=%2Fwp%2Fv2%2Fcategories&post=155378"},{"taxonomy":"post_tag","embeddable":true,"href":"https:\/\/diariodominicano.com\/index.php?rest_route=%2Fwp%2Fv2%2Ftags&post=155378"}],"curies":[{"name":"wp","href":"https:\/\/api.w.org\/{rel}","templated":true}]}}