{"id":155376,"date":"2010-11-18T20:24:00","date_gmt":"2010-11-18T20:24:00","guid":{"rendered":"http:\/\/diariodominicano.ddns.net\/?p=155376"},"modified":"2010-11-18T20:24:00","modified_gmt":"2010-11-18T20:24:00","slug":"jefatura-de-la-policia-barre-en-la-direccion-central-antinarcoticos","status":"publish","type":"post","link":"https:\/\/diariodominicano.com\/?p=155376","title":{"rendered":"Jefatura de la Polic\u00eda barre en la Direcci\u00f3n Central Antinarc\u00f3ticos."},"content":{"rendered":"<p><body><\/p>\n<p><img decoding=\"async\" src=\"http:\/\/localhost:8080\/justiciayderecho\/img3\/baez aybar.JPG\" \/>  <\/p>\n<p><strong><span class=\"text1noticias\"> <\/span><\/strong><\/p>\n<p><strong><span class=\"text1noticias\"> santo Domingo 18 de Nov 2010.-<\/span><\/strong><span class=\"text1noticias\">La Direcci\u00f3n Central Antinarc\u00f3ticos de la Polic\u00eda Nacional fue sometida anoche a profundos cambios en su estructura por parte del Poder Ejecutivo, ante recomendaci\u00f3n del jefe de la Polic\u00eda, mayor general Jos\u00e9 A. Polanco G\u00f3mez, que van desde la sustituci\u00f3n de su director, subdirector y hasta los mandos medios.<\/span><\/p>\n<\/p>\n<p><span class=\"text1noticias\">Mediante esta remoci\u00f3n contenida en el decreto 640-10, el general Nelson Rosario Guerrero, pas\u00f3 a la direcci\u00f3n del organismo antinarc\u00f3ticos de la Polic\u00eda, en sustituci\u00f3n del tambi\u00e9n general C\u00e9sar A. Sena Rojas, quien a su vez fue designado como director Regional Noroeste con asiento en Mao, Valverde.<\/span><\/p>\n<\/p>\n<p><span class=\"text1noticias\">En tanto que el coronel M\u00e1ximo B\u00e1ez Aybar fue designado como nuevo director Central de Relaciones P\u00fablicas, en sustituci\u00f3n del general Rosario Guerrero.<\/span><\/p>\n<\/p>\n<p><span class=\"text1noticias\">fue designado el coronel Ram\u00f3n Hern\u00e1ndez Peralta, en sustituci\u00f3n del tambi\u00e9n coronel Pablo Arturo Pujols, quien quedar\u00e1 asignado a la Direcci\u00f3n Central de Seguridad Preventiva, para servicio.<\/span><\/p>\n<\/p>\n<p><span class=\"text1noticias\">Otras designaciones realizadas por el mayor general Polanco G\u00f3mez, jefe de la Polic\u00eda, son las del coronel Lucas Valenzuela Valenzuela, designarlo Jefe de Operaciones de la Direcci\u00f3n Central Antinarc\u00f3ticos, (Vacante).<\/span><\/p>\n<\/p>\n<p><span class=\"text1noticias\">Mientras que el coronel Manuel Acosta Reynoso fue designado Inspector de la Direcci\u00f3n Central Antinarc\u00f3ticos, en sustituci\u00f3n de la mayor Ysabelita de los Santos P\u00e9rez, quien pas\u00f3 a la Direcci\u00f3n Central de Seguridad Preventiva, para servicio.<\/span><\/p>\n<\/p>\n<p><span class=\"text1noticias\">En tanto que el coronel Edgar Medina Farias fue designado como jefe de Investigaciones de la Direcci\u00f3n Central Antinarc\u00f3ticos, en sustituci\u00f3n del coronel Juan Francisco Solano Jaquez, quien continuar\u00e1 asignado para servicio en la CDEEE.<\/span><\/p>\n<\/p>\n<p><span class=\"text1noticias\">Mientras que los tenientes coroneles Freddy Francisco de Le\u00f3n Santi-Hilaire y Francisco Dom\u00ednguez Morel; mayores Winston Florentino Anico, Roque Hern\u00e1ndez Benavides, Edwin Hern\u00e1ndez Tejada, Ernesto Feliz Alcantara, Antonio Matos Lara, y Francis P\u00e9rez Gonz\u00e1lez, pasan a la Direcci\u00f3n de Seguridad Preventiva.<\/span><\/p>\n<\/p>\n<p><span class=\"text1noticias\">Tambi\u00e9n el coronel Juan F\u00e9lix Romero Rosario fue asignado para servicio a la Direcci\u00f3n Central de Investigaciones Criminales.<\/span><\/p>\n<\/p>\n<p><span class=\"text1noticias\">Con relaci\u00f3n a los cambios en la Direcci\u00f3n Antinarc\u00f3ticos, la Jefatura de la Polic\u00eda Nacional inform\u00f3 anoche que la Direcci\u00f3n de Asuntos Internos investiga a otros oficiales, para determinar si est\u00e1n relacionados en actos de corrupci\u00f3n.<\/span><\/p>\n<\/p>\n<p><span class=\"text1noticias\">En tanto que con el decreto 641-10, el presidente Fern\u00e1ndez design\u00f3 al mayor general Jos\u00e9 Sigfredo Fern\u00e1ndez Fadul, como oficial de Enlace entre el Ministerio de las Fuerzas Armadas y la Polic\u00eda.<\/span><\/p>\n<\/p>\n<h6> 2010-11-18 20:24:00 <\/h6>\n<p><!--\n<link rel=\"stylesheet\" href=\"css\/bootstrap.min.css\">\n\n\n<ul class=\"pagination\">\n\t    \n\t\n\n<li >\n\t<a href='?page_no=30543'>Previous<\/a>\n\t<\/li>\n\n\n       \n    \n\n<li><a href='?page_no=1'>1<\/a><\/li>\n\n\n\n<li><a href='?page_no=2'>2<\/a><\/li>\n\n\n\n<li><a>...<\/a><\/li>\n\n\n\n<li><a href='?page_no=30542'>30542<\/a><\/li>\n\n\n\n<li><a href='?page_no=30543'>30543<\/a><\/li>\n\n\n\n<li class='active'><a>30544<\/a><\/li>\n\n\n\n<li><a href='?page_no=30545'>30545<\/a><\/li>\n\n\n\n<li><a href='?page_no=30546'>30546<\/a><\/li>\n\n\n\n<li><a>...<\/a><\/li>\n\n\n\n<li><a href='?page_no=31963'>31963<\/a><\/li>\n\n\n\n<li><a href='?page_no=31964'>31964<\/a><\/li>\n\n    \n\t\n\n<li >\n\t<a href='?page_no=30545'>Next<\/a>\n\t<\/li>\n\n\n    \n\n<li><a href='?page_no=31964'>Last &rsaquo;&rsaquo;<\/a><\/li>\n\n<\/ul>\n\n\n--><br \/>\n<\/body><\/p>\n","protected":false},"excerpt":{"rendered":"<p>santo Domingo 18 de Nov 2010.-La Direcci\u00f3n Central Antinarc\u00f3ticos de la Polic\u00eda Nacional fue sometida anoche a profundos cambios en su estructura por parte del Poder Ejecutivo, ante recomendaci\u00f3n del jefe de la Polic\u00eda, mayor general Jos\u00e9 A. Polanco G\u00f3mez, que van desde la sustituci\u00f3n de su director, subdirector y hasta los mandos medios. Mediante [&hellip;]<\/p>\n","protected":false},"author":3,"featured_media":0,"comment_status":"open","ping_status":"open","sticky":false,"template":"","format":"standard","meta":{"footnotes":""},"categories":[24],"tags":[],"class_list":["post-155376","post","type-post","status-publish","format-standard","hentry","category-justicia-y-derecho"],"_links":{"self":[{"href":"https:\/\/diariodominicano.com\/index.php?rest_route=\/wp\/v2\/posts\/155376","targetHints":{"allow":["GET"]}}],"collection":[{"href":"https:\/\/diariodominicano.com\/index.php?rest_route=\/wp\/v2\/posts"}],"about":[{"href":"https:\/\/diariodominicano.com\/index.php?rest_route=\/wp\/v2\/types\/post"}],"author":[{"embeddable":true,"href":"https:\/\/diariodominicano.com\/index.php?rest_route=\/wp\/v2\/users\/3"}],"replies":[{"embeddable":true,"href":"https:\/\/diariodominicano.com\/index.php?rest_route=%2Fwp%2Fv2%2Fcomments&post=155376"}],"version-history":[{"count":0,"href":"https:\/\/diariodominicano.com\/index.php?rest_route=\/wp\/v2\/posts\/155376\/revisions"}],"wp:attachment":[{"href":"https:\/\/diariodominicano.com\/index.php?rest_route=%2Fwp%2Fv2%2Fmedia&parent=155376"}],"wp:term":[{"taxonomy":"category","embeddable":true,"href":"https:\/\/diariodominicano.com\/index.php?rest_route=%2Fwp%2Fv2%2Fcategories&post=155376"},{"taxonomy":"post_tag","embeddable":true,"href":"https:\/\/diariodominicano.com\/index.php?rest_route=%2Fwp%2Fv2%2Ftags&post=155376"}],"curies":[{"name":"wp","href":"https:\/\/api.w.org\/{rel}","templated":true}]}}