{"id":155375,"date":"2010-11-18T21:01:40","date_gmt":"2010-11-18T21:01:40","guid":{"rendered":"http:\/\/diariodominicano.ddns.net\/?p=155375"},"modified":"2010-11-18T21:01:40","modified_gmt":"2010-11-18T21:01:40","slug":"policia-dican-ocupan-30-paquetes-de-cocaina-a-traficantes-en-villa-faro","status":"publish","type":"post","link":"https:\/\/diariodominicano.com\/?p=155375","title":{"rendered":"Polic\u00eda-DICAN ocupan  30 paquetes de coca\u00edna a  traficantes en Villa Faro&#13;"},"content":{"rendered":"<p><body><\/p>\n<p><img decoding=\"async\" src=\"http:\/\/localhost:8080\/justiciayderecho\/img3\/dican.JPG\" \/>  <\/p>\n<\/p>\n<p><strong><span class=\"text1noticias\">Santo Domingo 18 de Nov de 2001.-<\/span><\/strong><span class=\"text1noticias\">La Polic\u00eda Nacional informa que agentes de esa instituci\u00f3n, adscritos a la Direcci\u00f3n Central Antinarc\u00f3ticos (DICAN), ocuparon 30 paquetes de un polvo blanco presumiblemente coca\u00edna, con un peso aproximado de 33 kilos, los cuales se encontraban escondidos dentro de una jeepeta dejada abandonada por tres narcos, que son perseguidos por las autoridades, en el sector Villa Faro, Santo Domingo Este.<\/span><\/p>\n<\/p>\n<p><span class=\"text1noticias\">La instituci\u00f3n inform\u00f3 que los perseguidos con relaci\u00f3n al decomiso de la droga y la jeepeta Mitsubishi Montero Nativa, color azul oscuro, placa numero G-076204, son los nombrados German, Julio Enrique Y el Grande.<\/span><\/p>\n<\/p>\n<p><span class=\"text1noticias\">Seg\u00fan la polic\u00eda el cargamento de coca\u00edna fue encontrado en un compartimiento secreto del veh\u00edculo, el cual estaba  parqueado en la calle 19 pr\u00f3ximo a la estaci\u00f3n de expendio  de gasolina Nativa de ese sector.<\/span><\/p>\n<\/p>\n<p><span class=\"text1noticias\">La  operaci\u00f3n llevada a cabo, tras varias semanas de seguimiento, fue autorizada y supervisada por el coordinador de los fiscales adjuntos de la DICAN, Doctor Wilton Guti\u00e9rrez y el fiscal actuante Erick Arafat Tejada. Inform\u00f3 la instituci\u00f3n del orden<\/span><\/p>\n<\/p>\n<p><span class=\"text1noticias\">La Policia Nacional expres\u00f3 que Los Oficiales y agentes de la DICAN persiguen a German, Julio Erique Y el grande, quienes se dedicaban en Villa Duarte, Villa Faro y otros sectores  a suplir los puntos de drogas de esa zona.<\/span><\/p>\n<\/p>\n<p><span class=\"text1noticias\"> El cuerpo del orden dijo adem\u00e1s  que la subdirecci\u00f3n de inteligencia de la DICAN y los equipos de operaciones intensifican  la persecuci\u00f3n de las referidas personas para ser sometidas a la justicia de conformidad a lo establece la ley 50-88 sobre droga y sustancia controladas.<\/span><\/p>\n<\/p>\n<h6> 2010-11-18 21:01:40 <\/h6>\n<p><!--\n<link rel=\"stylesheet\" href=\"css\/bootstrap.min.css\">\n\n\n<ul class=\"pagination\">\n\t    \n\t\n\n<li >\n\t<a href='?page_no=30542'>Previous<\/a>\n\t<\/li>\n\n\n       \n    \n\n<li><a href='?page_no=1'>1<\/a><\/li>\n\n\n\n<li><a href='?page_no=2'>2<\/a><\/li>\n\n\n\n<li><a>...<\/a><\/li>\n\n\n\n<li><a href='?page_no=30541'>30541<\/a><\/li>\n\n\n\n<li><a href='?page_no=30542'>30542<\/a><\/li>\n\n\n\n<li class='active'><a>30543<\/a><\/li>\n\n\n\n<li><a href='?page_no=30544'>30544<\/a><\/li>\n\n\n\n<li><a href='?page_no=30545'>30545<\/a><\/li>\n\n\n\n<li><a>...<\/a><\/li>\n\n\n\n<li><a href='?page_no=31963'>31963<\/a><\/li>\n\n\n\n<li><a href='?page_no=31964'>31964<\/a><\/li>\n\n    \n\t\n\n<li >\n\t<a href='?page_no=30544'>Next<\/a>\n\t<\/li>\n\n\n    \n\n<li><a href='?page_no=31964'>Last &rsaquo;&rsaquo;<\/a><\/li>\n\n<\/ul>\n\n\n--><br \/>\n<\/body><\/p>\n","protected":false},"excerpt":{"rendered":"<p>Santo Domingo 18 de Nov de 2001.-La Polic\u00eda Nacional informa que agentes de esa instituci\u00f3n, adscritos a la Direcci\u00f3n Central Antinarc\u00f3ticos (DICAN), ocuparon 30 paquetes de un polvo blanco presumiblemente coca\u00edna, con un peso aproximado de 33 kilos, los cuales se encontraban escondidos dentro de una jeepeta dejada abandonada por tres narcos, que son perseguidos [&hellip;]<\/p>\n","protected":false},"author":3,"featured_media":0,"comment_status":"open","ping_status":"open","sticky":false,"template":"","format":"standard","meta":{"footnotes":""},"categories":[24],"tags":[],"class_list":["post-155375","post","type-post","status-publish","format-standard","hentry","category-justicia-y-derecho"],"_links":{"self":[{"href":"https:\/\/diariodominicano.com\/index.php?rest_route=\/wp\/v2\/posts\/155375","targetHints":{"allow":["GET"]}}],"collection":[{"href":"https:\/\/diariodominicano.com\/index.php?rest_route=\/wp\/v2\/posts"}],"about":[{"href":"https:\/\/diariodominicano.com\/index.php?rest_route=\/wp\/v2\/types\/post"}],"author":[{"embeddable":true,"href":"https:\/\/diariodominicano.com\/index.php?rest_route=\/wp\/v2\/users\/3"}],"replies":[{"embeddable":true,"href":"https:\/\/diariodominicano.com\/index.php?rest_route=%2Fwp%2Fv2%2Fcomments&post=155375"}],"version-history":[{"count":0,"href":"https:\/\/diariodominicano.com\/index.php?rest_route=\/wp\/v2\/posts\/155375\/revisions"}],"wp:attachment":[{"href":"https:\/\/diariodominicano.com\/index.php?rest_route=%2Fwp%2Fv2%2Fmedia&parent=155375"}],"wp:term":[{"taxonomy":"category","embeddable":true,"href":"https:\/\/diariodominicano.com\/index.php?rest_route=%2Fwp%2Fv2%2Fcategories&post=155375"},{"taxonomy":"post_tag","embeddable":true,"href":"https:\/\/diariodominicano.com\/index.php?rest_route=%2Fwp%2Fv2%2Ftags&post=155375"}],"curies":[{"name":"wp","href":"https:\/\/api.w.org\/{rel}","templated":true}]}}