{"id":155374,"date":"2010-11-18T21:07:22","date_gmt":"2010-11-18T21:07:22","guid":{"rendered":"http:\/\/diariodominicano.ddns.net\/?p=155374"},"modified":"2010-11-18T21:07:22","modified_gmt":"2010-11-18T21:07:22","slug":"los-restos-mortales-de-freddy-beras-goico-podrian-llegar-podria-llegar-el-sabado-20-en-la-tarde","status":"publish","type":"post","link":"https:\/\/diariodominicano.com\/?p=155374","title":{"rendered":"Los restos mortales  de Freddy Beras Goico podr\u00edan llegar  podr\u00eda llegar  el s\u00e1bado 20 en la tarde"},"content":{"rendered":"<p><body><\/p>\n<p><img decoding=\"async\" src=\"http:\/\/localhost:8080\/justiciayderecho\/img3\/freddy beras goico.jpg\" \/>  <\/p>\n<p><span class=\"text1noticias\">NUEVA YORK._ El cad\u00e1ver de Freddy Beras Goico ser\u00e1 repatriado a la Rep\u00fablica Dominicana este s\u00e1bado 20 de noviembre, seg\u00fan el documento de exportaci\u00f3n de la Funeraria Rivera en el Alto Manhattan, certificado este lunes por el Departamento de Estado, despu\u00e9s de ser apostillado por las autoridades consulares al que este reportero tuvo acceso. <\/span><\/p>\n<\/p>\n<p><span class=\"text1noticias\">La Rivera es una sucursal de la Funeraria Ortiz que ha sido encargada de los arreglos legales, el embalsamiento y maquillaje del cuerpo de Beras Goico.  Una portavoz de esa casa f\u00fanebre, que se identific\u00f3 como Ana, dijo que hasta esta ma\u00f1ana, no ten\u00edan la informaci\u00f3n acabada, por lo que no pod\u00eda especificar hoy, cu\u00e1ndo exactamente ser\u00edan transportados los restos del humorista a Santo Domingo.<\/span><\/p>\n<\/p>\n<p><span class=\"text1noticias\">Para poder sacar el cuerpo de Estados Unidos en la funeraria se debe inyectar al cad\u00e1ver para diluir los \u00f3rganos y proceder al embalsamiento, un proceso que toma de   tres a cuatro d\u00edas.<\/span><\/p>\n<\/p>\n<p><span class=\"text1noticias\">El procedimiento es obligatorio y necesario bajo las leyes del estado de Nueva York para prevenir contagios o brotes de infecciones, no importando la causa de la muerte.<\/span><\/p>\n<\/p>\n<p><span class=\"text1noticias\">En medio de la conmoci\u00f3n,  ning\u00fan familiar de Freddy pudo ser contactado por este reportero para confirmar esa informaci\u00f3n.<\/span><\/p>\n<\/p>\n<h6> 2010-11-18 21:07:22 <\/h6>\n<p><!--\n<link rel=\"stylesheet\" href=\"css\/bootstrap.min.css\">\n\n\n<ul class=\"pagination\">\n\t    \n\t\n\n<li >\n\t<a href='?page_no=30541'>Previous<\/a>\n\t<\/li>\n\n\n       \n    \n\n<li><a href='?page_no=1'>1<\/a><\/li>\n\n\n\n<li><a href='?page_no=2'>2<\/a><\/li>\n\n\n\n<li><a>...<\/a><\/li>\n\n\n\n<li><a href='?page_no=30540'>30540<\/a><\/li>\n\n\n\n<li><a href='?page_no=30541'>30541<\/a><\/li>\n\n\n\n<li class='active'><a>30542<\/a><\/li>\n\n\n\n<li><a href='?page_no=30543'>30543<\/a><\/li>\n\n\n\n<li><a href='?page_no=30544'>30544<\/a><\/li>\n\n\n\n<li><a>...<\/a><\/li>\n\n\n\n<li><a href='?page_no=31963'>31963<\/a><\/li>\n\n\n\n<li><a href='?page_no=31964'>31964<\/a><\/li>\n\n    \n\t\n\n<li >\n\t<a href='?page_no=30543'>Next<\/a>\n\t<\/li>\n\n\n    \n\n<li><a href='?page_no=31964'>Last &rsaquo;&rsaquo;<\/a><\/li>\n\n<\/ul>\n\n\n--><br \/>\n<\/body><\/p>\n","protected":false},"excerpt":{"rendered":"<p>NUEVA YORK._ El cad\u00e1ver de Freddy Beras Goico ser\u00e1 repatriado a la Rep\u00fablica Dominicana este s\u00e1bado 20 de noviembre, seg\u00fan el documento de exportaci\u00f3n de la Funeraria Rivera en el Alto Manhattan, certificado este lunes por el Departamento de Estado, despu\u00e9s de ser apostillado por las autoridades consulares al que este reportero tuvo acceso. La [&hellip;]<\/p>\n","protected":false},"author":3,"featured_media":0,"comment_status":"open","ping_status":"open","sticky":false,"template":"","format":"standard","meta":{"footnotes":""},"categories":[24],"tags":[],"class_list":["post-155374","post","type-post","status-publish","format-standard","hentry","category-justicia-y-derecho"],"_links":{"self":[{"href":"https:\/\/diariodominicano.com\/index.php?rest_route=\/wp\/v2\/posts\/155374","targetHints":{"allow":["GET"]}}],"collection":[{"href":"https:\/\/diariodominicano.com\/index.php?rest_route=\/wp\/v2\/posts"}],"about":[{"href":"https:\/\/diariodominicano.com\/index.php?rest_route=\/wp\/v2\/types\/post"}],"author":[{"embeddable":true,"href":"https:\/\/diariodominicano.com\/index.php?rest_route=\/wp\/v2\/users\/3"}],"replies":[{"embeddable":true,"href":"https:\/\/diariodominicano.com\/index.php?rest_route=%2Fwp%2Fv2%2Fcomments&post=155374"}],"version-history":[{"count":0,"href":"https:\/\/diariodominicano.com\/index.php?rest_route=\/wp\/v2\/posts\/155374\/revisions"}],"wp:attachment":[{"href":"https:\/\/diariodominicano.com\/index.php?rest_route=%2Fwp%2Fv2%2Fmedia&parent=155374"}],"wp:term":[{"taxonomy":"category","embeddable":true,"href":"https:\/\/diariodominicano.com\/index.php?rest_route=%2Fwp%2Fv2%2Fcategories&post=155374"},{"taxonomy":"post_tag","embeddable":true,"href":"https:\/\/diariodominicano.com\/index.php?rest_route=%2Fwp%2Fv2%2Ftags&post=155374"}],"curies":[{"name":"wp","href":"https:\/\/api.w.org\/{rel}","templated":true}]}}