{"id":155373,"date":"2010-11-18T21:13:48","date_gmt":"2010-11-18T21:13:48","guid":{"rendered":"http:\/\/diariodominicano.ddns.net\/?p=155373"},"modified":"2010-11-18T21:13:48","modified_gmt":"2010-11-18T21:13:48","slug":"gobernante-afirma-esta-conmovido-por-muerte-de-freddy-beras-goico","status":"publish","type":"post","link":"https:\/\/diariodominicano.com\/?p=155373","title":{"rendered":"Gobernante afirma est\u00e1 conmovido por muerte de Freddy Beras Goico"},"content":{"rendered":"<p><body><\/p>\n<p><span class=\"text1noticias\">El presidente Leonel Fern\u00e1ndez mostr\u00f3 este jueves su pesar por el fallecimiento del humorista yproductor de televisi\u00f3n, Freddy Beras Goico, quien muri\u00f3 en la ciudad de Nueva York, en el hospital Monte Sina\u00ed.<\/span><\/p>\n<\/p>\n<p><span class=\"text1noticias\">\u00abEstoy conmovido, compungido, con la muerte de don Freddy\u00bb, proclam\u00f3 el mandatario tras destacar las cualidades que adornaron la vida de este hombre de la televisi\u00f3n.<\/span><\/p>\n<\/p>\n<p><span class=\"text1noticias\">Observ\u00f3 que Beras Goico fue un hombre que engrandeci\u00f3 a la Rep\u00fablica Dominicana, registrando grandes \u00e9xitos en el arte y la cultura nacional.<\/span><\/p>\n<\/p>\n<p><span class=\"text1noticias\">En otro orden, el gobernante refiri\u00f3 que con la nueva Ley de Cine se crean todas las condiciones para que la industria cinematogr\u00e1fica de la Rep\u00fablica Dominicana pueda prosperar. <\/span><\/p>\n<\/p>\n<p><span class=\"text1noticias\">Explic\u00f3 que el territorio dominicano ya se est\u00e1 viendo como destino para el desarrollo de la industria del cine. \u00abEl pa\u00eds siempre ha tenido una cultura de cine, pero que lo que se esperaba era que pudiera ampliarse como industria\u00bb. <\/span><\/p>\n<\/p>\n<p><span class=\"text1noticias\">Fern\u00e1ndez observ\u00f3 que hay algunos pa\u00edses que cuentan con la Ley de Cine, entre los que cit\u00f3 a Colombia, Argentina y Cuba. Sobre este \u00faltimo, precis\u00f3 que durante a\u00f1os ha sido un gran promotor del cine en Am\u00e9rica Latina. <\/span><\/p>\n<\/p>\n<p><span class=\"text1noticias\">El presidente Fern\u00e1ndez habl\u00f3 tras promulgar la Ley de Fomento de la Industria Cinematogr\u00e1fica en la Rep\u00fablica Dominicana durante el acto en que condecor\u00f3 a cuatro actores que asisten como invitados al IV Festival de Cine Global, que auspicia la Fundaci\u00f3n Global, Democracia y Desarrollo en el pa\u00eds.<\/span><\/p>\n<\/p>\n<p><span class=\"text1noticias\">En la ceremonia, el jefe del Estado estuvo acompa\u00f1ado de la primera dama Margarita Cede\u00f1o de Fern\u00e1ndez, el vicepresidente Rafael Alburquerque, el ministro de Relaciones Exteriores, Carlos Morales Troncoso, el consultor Jur\u00eddico del Poder Ejecutivo, Abel Rodr\u00edguez del Orbe, y el ministro de Cultura, Jos\u00e9 Rafael Lantigua. <\/span><\/p>\n<\/p>\n<h6> 2010-11-18 21:13:48 <\/h6>\n<p><!--\n<link rel=\"stylesheet\" href=\"css\/bootstrap.min.css\">\n\n\n<ul class=\"pagination\">\n\t    \n\t\n\n<li >\n\t<a href='?page_no=30540'>Previous<\/a>\n\t<\/li>\n\n\n       \n    \n\n<li><a href='?page_no=1'>1<\/a><\/li>\n\n\n\n<li><a href='?page_no=2'>2<\/a><\/li>\n\n\n\n<li><a>...<\/a><\/li>\n\n\n\n<li><a href='?page_no=30539'>30539<\/a><\/li>\n\n\n\n<li><a href='?page_no=30540'>30540<\/a><\/li>\n\n\n\n<li class='active'><a>30541<\/a><\/li>\n\n\n\n<li><a href='?page_no=30542'>30542<\/a><\/li>\n\n\n\n<li><a href='?page_no=30543'>30543<\/a><\/li>\n\n\n\n<li><a>...<\/a><\/li>\n\n\n\n<li><a href='?page_no=31963'>31963<\/a><\/li>\n\n\n\n<li><a href='?page_no=31964'>31964<\/a><\/li>\n\n    \n\t\n\n<li >\n\t<a href='?page_no=30542'>Next<\/a>\n\t<\/li>\n\n\n    \n\n<li><a href='?page_no=31964'>Last &rsaquo;&rsaquo;<\/a><\/li>\n\n<\/ul>\n\n\n--><br \/>\n<\/body><\/p>\n","protected":false},"excerpt":{"rendered":"<p>El presidente Leonel Fern\u00e1ndez mostr\u00f3 este jueves su pesar por el fallecimiento del humorista yproductor de televisi\u00f3n, Freddy Beras Goico, quien muri\u00f3 en la ciudad de Nueva York, en el hospital Monte Sina\u00ed. \u00abEstoy conmovido, compungido, con la muerte de don Freddy\u00bb, proclam\u00f3 el mandatario tras destacar las cualidades que adornaron la vida de este [&hellip;]<\/p>\n","protected":false},"author":3,"featured_media":0,"comment_status":"open","ping_status":"open","sticky":false,"template":"","format":"standard","meta":{"footnotes":""},"categories":[24],"tags":[],"class_list":["post-155373","post","type-post","status-publish","format-standard","hentry","category-justicia-y-derecho"],"_links":{"self":[{"href":"https:\/\/diariodominicano.com\/index.php?rest_route=\/wp\/v2\/posts\/155373","targetHints":{"allow":["GET"]}}],"collection":[{"href":"https:\/\/diariodominicano.com\/index.php?rest_route=\/wp\/v2\/posts"}],"about":[{"href":"https:\/\/diariodominicano.com\/index.php?rest_route=\/wp\/v2\/types\/post"}],"author":[{"embeddable":true,"href":"https:\/\/diariodominicano.com\/index.php?rest_route=\/wp\/v2\/users\/3"}],"replies":[{"embeddable":true,"href":"https:\/\/diariodominicano.com\/index.php?rest_route=%2Fwp%2Fv2%2Fcomments&post=155373"}],"version-history":[{"count":0,"href":"https:\/\/diariodominicano.com\/index.php?rest_route=\/wp\/v2\/posts\/155373\/revisions"}],"wp:attachment":[{"href":"https:\/\/diariodominicano.com\/index.php?rest_route=%2Fwp%2Fv2%2Fmedia&parent=155373"}],"wp:term":[{"taxonomy":"category","embeddable":true,"href":"https:\/\/diariodominicano.com\/index.php?rest_route=%2Fwp%2Fv2%2Fcategories&post=155373"},{"taxonomy":"post_tag","embeddable":true,"href":"https:\/\/diariodominicano.com\/index.php?rest_route=%2Fwp%2Fv2%2Ftags&post=155373"}],"curies":[{"name":"wp","href":"https:\/\/api.w.org\/{rel}","templated":true}]}}