{"id":155372,"date":"2010-11-18T21:35:40","date_gmt":"2010-11-18T21:35:40","guid":{"rendered":"http:\/\/diariodominicano.ddns.net\/?p=155372"},"modified":"2010-11-18T21:35:40","modified_gmt":"2010-11-18T21:35:40","slug":"funcionarios-estadounidenses-afirman-ee-uu-mantendra-apoyo-al-desarrollo-rd","status":"publish","type":"post","link":"https:\/\/diariodominicano.com\/?p=155372","title":{"rendered":"Funcionarios estadounidenses afirman EE.UU. mantendr\u00e1 apoyo al desarrollo RD"},"content":{"rendered":"<p><body><\/p>\n<\/p>\n<p><span class=\"text1noticias\">El presidente Leonel Fern\u00e1ndez recibi\u00f3 este jueves al administrador adjunto para Am\u00e9rica Latina y el Caribe de la Agencia de los Estados Unidos para el Desarrollo Internacional (USAID), Mark Feierstein, quien vino acompa\u00f1ado del embajador norteamericano Ra\u00fal H. Yzaguirre. Ambos felicitaron  al mandatario por su liderazgo en el fortalecimiento de la democracia de la Rep\u00fablica Dominicana.<\/span><\/p>\n<\/p>\n<p><span class=\"text1noticias\">Durante la visita de cortes\u00eda, que se produjo en el despacho del mandatario, los funcionarios estadounidenses reiteraron al presidente Fern\u00e1ndez el apoyo del gobierno de los Estados Unidos a las recomendaciones de reformas de transparencia bajo la Iniciativa Participativa-Anticorrupci\u00f3n (IPAC).<\/span><\/p>\n<\/p>\n<p><span class=\"text1noticias\">En el encuentro, que se prolong\u00f3 por espacio de una hora, conversaron con el Jefe de Estado acerca del compromiso de los Estados Unidos de apoyar al gobierno dominicano en el alcance de los objetivos de desarrollo del pa\u00eds.<\/span><\/p>\n<\/p>\n<p><span class=\"text1noticias\">El se\u00f1or Feierstein encabeza la delegaci\u00f3n inter-agencial estadounidense que participa en la  Segunda Reuni\u00f3n Inter-americana de Ministros y Altas Autoridades de Desarrollo Sostenibles de la Organizaci\u00f3n de los Estados Americanos (OEA), que se celebra en el pa\u00eds del 17 hasta este viernes 19.<\/span><\/p>\n<\/p>\n<p><span class=\"text1noticias\">En el encuentro con el mandatario estuvieron presentes adem\u00e1s, el consejero de la misi\u00f3n estadounidense, Christopher A. Lambert y el director Interino de la UASID, James E. Watson.<\/span><\/p>\n<\/p>\n<p><span class=\"text1noticias\">ENTIDADES EE.UU. SEGUIRAN COLABORANDO PARA PREVENIR COLERA<\/span><\/p>\n<\/p>\n<p><span class=\"text1noticias\">La agencia de los Estados Unidos para el Desarrollo Internacional (USAID) y el Centro para el Control de Enfermedades seguir\u00e1n trabajando con las autoridades dominicanas en acciones tendentes a prevenir el c\u00f3lera entre la poblaci\u00f3n.<\/span><\/p>\n<\/p>\n<p><span class=\"text1noticias\">?Al momento de la llegada a la Rep\u00fablica Dominicana de un paciente infectado con c\u00f3lera, el pa\u00eds ya estaba preparado para actuar. El Gobierno Dominicano est\u00e1 liderando la respuesta de c\u00f3lera y ha centrado sus esfuerzos en la prevenci\u00f3n y tambi\u00e9n en la planificaci\u00f3n para hacer frente a los casos que se puedan desarrollar?, precisa un comunicado de prensa distribuido por la Embajada de los Estados Unidos en el pa\u00eds.<\/span><\/p>\n<\/p>\n<p><span class=\"text1noticias\">En ese sentido, indica que la USAID y el Centro para el Control de Enfermedades seguir\u00e1n apoyando a las autoridades dominicanas en sus esfuerzos de respuesta y facilitar\u00e1n asistencia adicional atendiendo a los requerimientos del gobierno. <\/span><\/p>\n<\/p>\n<p><span class=\"text1noticias\">Precisa que actualmente, la USAID presta asesor\u00eda al Ministerio de Salud P\u00fablica y Asistencia Social en la campa\u00f1a preventiva de comunicaci\u00f3n, control de infecci\u00f3n y promoci\u00f3n de higiene. Direcci\u00f3n de Informaci\u00f3n, Prensa y Publicidad de la Presidencia.<\/span><\/p>\n<\/p>\n<h6> 2010-11-18 21:35:40 <\/h6>\n<p><!--\n<link rel=\"stylesheet\" href=\"css\/bootstrap.min.css\">\n\n\n<ul class=\"pagination\">\n\t    \n\t\n\n<li >\n\t<a href='?page_no=30539'>Previous<\/a>\n\t<\/li>\n\n\n       \n    \n\n<li><a href='?page_no=1'>1<\/a><\/li>\n\n\n\n<li><a href='?page_no=2'>2<\/a><\/li>\n\n\n\n<li><a>...<\/a><\/li>\n\n\n\n<li><a href='?page_no=30538'>30538<\/a><\/li>\n\n\n\n<li><a href='?page_no=30539'>30539<\/a><\/li>\n\n\n\n<li class='active'><a>30540<\/a><\/li>\n\n\n\n<li><a href='?page_no=30541'>30541<\/a><\/li>\n\n\n\n<li><a href='?page_no=30542'>30542<\/a><\/li>\n\n\n\n<li><a>...<\/a><\/li>\n\n\n\n<li><a href='?page_no=31963'>31963<\/a><\/li>\n\n\n\n<li><a href='?page_no=31964'>31964<\/a><\/li>\n\n    \n\t\n\n<li >\n\t<a href='?page_no=30541'>Next<\/a>\n\t<\/li>\n\n\n    \n\n<li><a href='?page_no=31964'>Last &rsaquo;&rsaquo;<\/a><\/li>\n\n<\/ul>\n\n\n--><br \/>\n<\/body><\/p>\n","protected":false},"excerpt":{"rendered":"<p>El presidente Leonel Fern\u00e1ndez recibi\u00f3 este jueves al administrador adjunto para Am\u00e9rica Latina y el Caribe de la Agencia de los Estados Unidos para el Desarrollo Internacional (USAID), Mark Feierstein, quien vino acompa\u00f1ado del embajador norteamericano Ra\u00fal H. Yzaguirre. Ambos felicitaron al mandatario por su liderazgo en el fortalecimiento de la democracia de la Rep\u00fablica [&hellip;]<\/p>\n","protected":false},"author":3,"featured_media":0,"comment_status":"open","ping_status":"open","sticky":false,"template":"","format":"standard","meta":{"footnotes":""},"categories":[24],"tags":[],"class_list":["post-155372","post","type-post","status-publish","format-standard","hentry","category-justicia-y-derecho"],"_links":{"self":[{"href":"https:\/\/diariodominicano.com\/index.php?rest_route=\/wp\/v2\/posts\/155372","targetHints":{"allow":["GET"]}}],"collection":[{"href":"https:\/\/diariodominicano.com\/index.php?rest_route=\/wp\/v2\/posts"}],"about":[{"href":"https:\/\/diariodominicano.com\/index.php?rest_route=\/wp\/v2\/types\/post"}],"author":[{"embeddable":true,"href":"https:\/\/diariodominicano.com\/index.php?rest_route=\/wp\/v2\/users\/3"}],"replies":[{"embeddable":true,"href":"https:\/\/diariodominicano.com\/index.php?rest_route=%2Fwp%2Fv2%2Fcomments&post=155372"}],"version-history":[{"count":0,"href":"https:\/\/diariodominicano.com\/index.php?rest_route=\/wp\/v2\/posts\/155372\/revisions"}],"wp:attachment":[{"href":"https:\/\/diariodominicano.com\/index.php?rest_route=%2Fwp%2Fv2%2Fmedia&parent=155372"}],"wp:term":[{"taxonomy":"category","embeddable":true,"href":"https:\/\/diariodominicano.com\/index.php?rest_route=%2Fwp%2Fv2%2Fcategories&post=155372"},{"taxonomy":"post_tag","embeddable":true,"href":"https:\/\/diariodominicano.com\/index.php?rest_route=%2Fwp%2Fv2%2Ftags&post=155372"}],"curies":[{"name":"wp","href":"https:\/\/api.w.org\/{rel}","templated":true}]}}