{"id":155371,"date":"2010-11-18T21:59:35","date_gmt":"2010-11-18T21:59:35","guid":{"rendered":"http:\/\/diariodominicano.ddns.net\/?p=155371"},"modified":"2010-11-18T21:59:35","modified_gmt":"2010-11-18T21:59:35","slug":"freddy-sera-velado-en-bellas-artes-traen-cadaver-el-sabado","status":"publish","type":"post","link":"https:\/\/diariodominicano.com\/?p=155371","title":{"rendered":"Freddy ser\u00e1 velado en Bellas Artes: traen cad\u00e1ver el s\u00e1bado"},"content":{"rendered":"<p><body><\/p>\n<p><img decoding=\"async\" src=\"http:\/\/localhost:8080\/justiciayderecho\/img3\/freddy-beras-goico2.jpg\" \/>  <\/p>\n<\/p>\n<p><span class=\"text1noticias\">Los restos mortales del humorista y productor de televisi\u00f3n Freddy Beras Goico, quien muri\u00f3 la madrugada de este jueves en Nueva York, llegar\u00e1n al pa\u00eds este s\u00e1bado y ser\u00e1n expuestos al p\u00fablico desde ese mismo d\u00eda en el Palacio de Bellas Artes.<\/span><\/p>\n<\/p>\n<p><span class=\"text1noticias\">La informaci\u00f3n la suministr\u00f3 su hijo Giancarlos Beras Goico a trav\u00e9s de Twitter, medio por el cual comunicaba todo lo relacionado a la salud de su progenitor. Dijo que el velatorio  iniciar\u00e1 a las 9:00 de la ma\u00f1ana \u00abpara todos los que quieran decirle adi\u00f3s\u00bb.<\/span><\/p>\n<\/p>\n<p><span class=\"text1noticias\">El Palacio de Bellas Artes est\u00e1 ubicado en la avenida M\u00e1ximo G\u00f3mez esquina avenida Independencia, de esta capital.<\/span><\/p>\n<\/p>\n<p><span class=\"text1noticias\">El humorista muri\u00f3 en el Mount Sinai Center Hospital, de Nueva York, Estados Unidos, luego de varios d\u00edas ingresado en la unidad de Cuidados Intensivos, donde fue llevado desde Cedimat en el pa\u00eds. Estaba aquejado de un c\u00e1ncer de p\u00e1ncreas.<\/span><\/p>\n<\/p>\n<p><span class=\"text1noticias\">La muerte del comunicador ha causado gran dolor en todo el pueblo dominicano, que ha manifestado su solidaridad a su familia a trav\u00e9s de mensajes en las redes sociales y de llamadas a programas de radio y televisi\u00f3n.<\/span><\/p>\n<\/p>\n<h6> 2010-11-18 21:59:35 <\/h6>\n<p><!--\n<link rel=\"stylesheet\" href=\"css\/bootstrap.min.css\">\n\n\n<ul class=\"pagination\">\n\t    \n\t\n\n<li >\n\t<a href='?page_no=30538'>Previous<\/a>\n\t<\/li>\n\n\n       \n    \n\n<li><a href='?page_no=1'>1<\/a><\/li>\n\n\n\n<li><a href='?page_no=2'>2<\/a><\/li>\n\n\n\n<li><a>...<\/a><\/li>\n\n\n\n<li><a href='?page_no=30537'>30537<\/a><\/li>\n\n\n\n<li><a href='?page_no=30538'>30538<\/a><\/li>\n\n\n\n<li class='active'><a>30539<\/a><\/li>\n\n\n\n<li><a href='?page_no=30540'>30540<\/a><\/li>\n\n\n\n<li><a href='?page_no=30541'>30541<\/a><\/li>\n\n\n\n<li><a>...<\/a><\/li>\n\n\n\n<li><a href='?page_no=31963'>31963<\/a><\/li>\n\n\n\n<li><a href='?page_no=31964'>31964<\/a><\/li>\n\n    \n\t\n\n<li >\n\t<a href='?page_no=30540'>Next<\/a>\n\t<\/li>\n\n\n    \n\n<li><a href='?page_no=31964'>Last &rsaquo;&rsaquo;<\/a><\/li>\n\n<\/ul>\n\n\n--><br \/>\n<\/body><\/p>\n","protected":false},"excerpt":{"rendered":"<p>Los restos mortales del humorista y productor de televisi\u00f3n Freddy Beras Goico, quien muri\u00f3 la madrugada de este jueves en Nueva York, llegar\u00e1n al pa\u00eds este s\u00e1bado y ser\u00e1n expuestos al p\u00fablico desde ese mismo d\u00eda en el Palacio de Bellas Artes. La informaci\u00f3n la suministr\u00f3 su hijo Giancarlos Beras Goico a trav\u00e9s de Twitter, [&hellip;]<\/p>\n","protected":false},"author":3,"featured_media":0,"comment_status":"open","ping_status":"open","sticky":false,"template":"","format":"standard","meta":{"footnotes":""},"categories":[24],"tags":[],"class_list":["post-155371","post","type-post","status-publish","format-standard","hentry","category-justicia-y-derecho"],"_links":{"self":[{"href":"https:\/\/diariodominicano.com\/index.php?rest_route=\/wp\/v2\/posts\/155371","targetHints":{"allow":["GET"]}}],"collection":[{"href":"https:\/\/diariodominicano.com\/index.php?rest_route=\/wp\/v2\/posts"}],"about":[{"href":"https:\/\/diariodominicano.com\/index.php?rest_route=\/wp\/v2\/types\/post"}],"author":[{"embeddable":true,"href":"https:\/\/diariodominicano.com\/index.php?rest_route=\/wp\/v2\/users\/3"}],"replies":[{"embeddable":true,"href":"https:\/\/diariodominicano.com\/index.php?rest_route=%2Fwp%2Fv2%2Fcomments&post=155371"}],"version-history":[{"count":0,"href":"https:\/\/diariodominicano.com\/index.php?rest_route=\/wp\/v2\/posts\/155371\/revisions"}],"wp:attachment":[{"href":"https:\/\/diariodominicano.com\/index.php?rest_route=%2Fwp%2Fv2%2Fmedia&parent=155371"}],"wp:term":[{"taxonomy":"category","embeddable":true,"href":"https:\/\/diariodominicano.com\/index.php?rest_route=%2Fwp%2Fv2%2Fcategories&post=155371"},{"taxonomy":"post_tag","embeddable":true,"href":"https:\/\/diariodominicano.com\/index.php?rest_route=%2Fwp%2Fv2%2Ftags&post=155371"}],"curies":[{"name":"wp","href":"https:\/\/api.w.org\/{rel}","templated":true}]}}