{"id":155370,"date":"2010-11-18T22:15:47","date_gmt":"2010-11-18T22:15:47","guid":{"rendered":"http:\/\/diariodominicano.ddns.net\/?p=155370"},"modified":"2010-11-18T22:15:47","modified_gmt":"2010-11-18T22:15:47","slug":"poder-ejecutivo-somete-prestamo-de-us110-millones","status":"publish","type":"post","link":"https:\/\/diariodominicano.com\/?p=155370","title":{"rendered":"&#13;Poder Ejecutivo somete  pr\u00e9stamo de US$110 millones"},"content":{"rendered":"<p><body><\/p>\n<\/p>\n<p><span class=\"text1noticias\">Santo Domingo.-El Poder Ejecutivo someti\u00f3 este jueves al Senado, un pr\u00e9stamo de US$110 millones  firmado con el Banco Interamericano de Desarrollo (BID), que se destinar\u00e1 a la segunda etapa del Programa de Apoyo a la Pol\u00edtica de Competitividad.<\/span><\/p>\n<\/p>\n<p><span class=\"text1noticias\"> El presidente Leone Fern\u00e1ndez en comunicaci\u00f3n dirigida al presidente del Senado, Reinaldo Pared P\u00e9rez, explica que el objetivo del programa es contribuir a mejorar la pol\u00edtica de competitividad en Rep\u00fablica Dominicana, a trav\u00e9s del apoyo t\u00e9cnico para las actividades de desarrollo productivo e innovaci\u00f3n.<\/span><\/p>\n<\/p>\n<p><span class=\"text1noticias\"> El contrato de pr\u00e9stamo forma parte del convenio rubricado el primero de noviembre de este a\u00f1o, entre el Ministerio de Hacienda y el BID.<\/span><\/p>\n<\/p>\n<p><span class=\"text1noticias\">El mandatario detalla que el pr\u00e9stamo por 110 millones de d\u00f3lares devengar\u00e1 diariamente intereses a favor del BID, a una tasa de inter\u00e9s de conformidad con las estipulaciones del Banco para pr\u00e9stamos de la facilidad unimonetaria con tasa de inter\u00e9s basada en \u00edbor.<\/span><\/p>\n<\/p>\n<p><span class=\"text1noticias\">La tasa de inter\u00e9s ser\u00e1 comunicada trimestralmente al prestatario por el Banco, y los intereses se pagar\u00e1n al BID semestralmente a partir de la fecha de vigencia del contrato.<\/span><\/p>\n<\/p>\n<p><span class=\"text1noticias\">Explica en cuanto a las comisiones, que el BID sobre el saldo no desembolsado del financiamiento, que una comisi\u00f3n de cr\u00e9dito a un porcentaje que ser\u00e1 establecido por el bando de manera peri\u00f3dica, y como resultado de su revisi\u00f3n a cargos financieros, de conformidad con las estipulaciones de la entidad crediticia internacional.<\/span><\/p>\n<\/p>\n<p><span class=\"text1noticias\">Precisa que dicha comisi\u00f3n en ning\u00fan caso podr\u00e1 exceder del 0.775% por a\u00f1o, de acuerdo a lo establecidos en las normas generales.<\/span><\/p>\n<\/p>\n<h6> 2010-11-18 22:15:47 <\/h6>\n<p><!--\n<link rel=\"stylesheet\" href=\"css\/bootstrap.min.css\">\n\n\n<ul class=\"pagination\">\n\t    \n\t\n\n<li >\n\t<a href='?page_no=30537'>Previous<\/a>\n\t<\/li>\n\n\n       \n    \n\n<li><a href='?page_no=1'>1<\/a><\/li>\n\n\n\n<li><a href='?page_no=2'>2<\/a><\/li>\n\n\n\n<li><a>...<\/a><\/li>\n\n\n\n<li><a href='?page_no=30536'>30536<\/a><\/li>\n\n\n\n<li><a href='?page_no=30537'>30537<\/a><\/li>\n\n\n\n<li class='active'><a>30538<\/a><\/li>\n\n\n\n<li><a href='?page_no=30539'>30539<\/a><\/li>\n\n\n\n<li><a href='?page_no=30540'>30540<\/a><\/li>\n\n\n\n<li><a>...<\/a><\/li>\n\n\n\n<li><a href='?page_no=31963'>31963<\/a><\/li>\n\n\n\n<li><a href='?page_no=31964'>31964<\/a><\/li>\n\n    \n\t\n\n<li >\n\t<a href='?page_no=30539'>Next<\/a>\n\t<\/li>\n\n\n    \n\n<li><a href='?page_no=31964'>Last &rsaquo;&rsaquo;<\/a><\/li>\n\n<\/ul>\n\n\n--><br \/>\n<\/body><\/p>\n","protected":false},"excerpt":{"rendered":"<p>Santo Domingo.-El Poder Ejecutivo someti\u00f3 este jueves al Senado, un pr\u00e9stamo de US$110 millones firmado con el Banco Interamericano de Desarrollo (BID), que se destinar\u00e1 a la segunda etapa del Programa de Apoyo a la Pol\u00edtica de Competitividad. El presidente Leone Fern\u00e1ndez en comunicaci\u00f3n dirigida al presidente del Senado, Reinaldo Pared P\u00e9rez, explica que el [&hellip;]<\/p>\n","protected":false},"author":3,"featured_media":0,"comment_status":"open","ping_status":"open","sticky":false,"template":"","format":"standard","meta":{"footnotes":""},"categories":[24],"tags":[],"class_list":["post-155370","post","type-post","status-publish","format-standard","hentry","category-justicia-y-derecho"],"_links":{"self":[{"href":"https:\/\/diariodominicano.com\/index.php?rest_route=\/wp\/v2\/posts\/155370","targetHints":{"allow":["GET"]}}],"collection":[{"href":"https:\/\/diariodominicano.com\/index.php?rest_route=\/wp\/v2\/posts"}],"about":[{"href":"https:\/\/diariodominicano.com\/index.php?rest_route=\/wp\/v2\/types\/post"}],"author":[{"embeddable":true,"href":"https:\/\/diariodominicano.com\/index.php?rest_route=\/wp\/v2\/users\/3"}],"replies":[{"embeddable":true,"href":"https:\/\/diariodominicano.com\/index.php?rest_route=%2Fwp%2Fv2%2Fcomments&post=155370"}],"version-history":[{"count":0,"href":"https:\/\/diariodominicano.com\/index.php?rest_route=\/wp\/v2\/posts\/155370\/revisions"}],"wp:attachment":[{"href":"https:\/\/diariodominicano.com\/index.php?rest_route=%2Fwp%2Fv2%2Fmedia&parent=155370"}],"wp:term":[{"taxonomy":"category","embeddable":true,"href":"https:\/\/diariodominicano.com\/index.php?rest_route=%2Fwp%2Fv2%2Fcategories&post=155370"},{"taxonomy":"post_tag","embeddable":true,"href":"https:\/\/diariodominicano.com\/index.php?rest_route=%2Fwp%2Fv2%2Ftags&post=155370"}],"curies":[{"name":"wp","href":"https:\/\/api.w.org\/{rel}","templated":true}]}}